{"id":7881,"date":"2025-03-06T20:02:55","date_gmt":"2025-03-06T20:02:55","guid":{"rendered":"https:\/\/rebelbarbers.com\/blog\/why-pick-rebel-barbers\/"},"modified":"2025-03-06T20:20:17","modified_gmt":"2025-03-06T20:20:17","slug":"por-que-rebel-barbers","status":"publish","type":"post","link":"https:\/\/rebelbarbers.com\/es\/blog\/por-que-rebel-barbers\/","title":{"rendered":"\u00bfPor Qu\u00e9 Elegir Rebel Barbers? La Mejor Experiencia de Barber\u00eda en El Poblado, Medell\u00edn"},"content":{"rendered":"\n<p class=\"has-text-align-center\">Cuando se trata del <strong>cuidado masculino en Medell\u00edn<\/strong>, no todas las barber\u00edas ofrecen el mismo nivel de calidad. Un buen corte de cabello no es solo un servicio: <strong>define tu estilo, refleja tu personalidad y es una inversi\u00f3n en tu imagen<\/strong>.<\/p>\n\n\n\n<p class=\"has-text-align-center\">Si est\u00e1s buscando la <strong>mejor barber\u00eda en El Poblado, Medell\u00edn<\/strong>, <strong>Rebel Barbers<\/strong> es la opci\u00f3n ideal. Aqu\u00ed combinamos <strong>precisi\u00f3n, estilo y atenci\u00f3n de primera<\/strong>, asegurando una experiencia de barber\u00eda <strong>premium en Medell\u00edn<\/strong> que destaca por su calidad y profesionalismo.<\/p>\n\n\n\n<p class=\"has-text-align-center\">Pero, \u00bfqu\u00e9 hace que <strong>Rebel Barbers<\/strong> sea la barber\u00eda preferida por locales, expatriados y turistas? Descubre por qu\u00e9 somos el <strong>lugar ideal para un corte de cabello en Medell\u00edn<\/strong> y qu\u00e9 nos diferencia de las dem\u00e1s opciones en la ciudad.<\/p>\n\n\n\n<h2 class=\"gb-headline gb-headline-de91acab gb-headline-text\"><strong><strong>\u00bfPor Qu\u00e9 Medell\u00edn y El Poblado Son el Lugar Perfecto para una Barber\u00eda de Alta Gama?<\/strong><\/strong><\/h2>\n\n\n\n<p class=\"has-text-align-center\">Medell\u00edn se ha convertido en un <strong>destino clave para n\u00f3madas digitales, expats y emprendedores<\/strong>, gracias a su mezcla de <strong>modernidad, cultura y calidad de vida<\/strong>. Dentro de la ciudad, <strong>El Poblado<\/strong> es el barrio m\u00e1s exclusivo, destac\u00e1ndose por su <strong>oferta de barber\u00edas de lujo en Medell\u00edn<\/strong> y un p\u00fablico exigente que busca lo mejor en estilo y cuidado personal.<\/p>\n\n\n\n<h3 class=\"gb-headline gb-headline-31498aa4 gb-headline-text\"><strong><strong>\u00bfPor qu\u00e9 El Poblado?<\/strong><\/strong><\/h3>\n\n\n\n<p class=\"has-text-align-center\"><strong>El Poblado es el epicentro del lujo y la tendencia en Medell\u00edn<\/strong>, conocido por su:<\/p>\n\n\n<div class=\"gb-container gb-container-1e274b31\">\n\n<ul class=\"wp-block-list\">\n<li><strong>Exclusivos restaurantes, caf\u00e9s y bares.<\/strong><\/li>\n\n\n\n<li><strong>Amplia comunidad de expats, empresarios y viajeros.<\/strong><\/li>\n\n\n\n<li><strong>La mejor oferta de barber\u00edas en El Poblado Medell\u00edn para quienes buscan un servicio premium.<\/strong><\/li>\n<\/ul>\n\n\n\n<p class=\"has-text-align-center\">Para quienes valoran la <strong>excelencia en su cuidado personal<\/strong>, <strong>Rebel Barbers<\/strong> se ha posicionado como la <strong>barber\u00eda en El Poblado Medell\u00edn<\/strong> con un servicio inigualable y una experiencia que supera las expectativas.<\/p>\n\n<\/div>\n\n\n<h2 class=\"gb-headline gb-headline-6e50a93b gb-headline-text\"><strong><strong>\u00bfQu\u00e9 Hace Que Rebel Barbers Sea la Mejor Barber\u00eda en Medell\u00edn?<\/strong><\/strong><\/h2>\n\n\n\n<div class=\"wp-block-columns is-layout-flex wp-container-core-columns-is-layout-9d6595d7 wp-block-columns-is-layout-flex\">\n<div class=\"wp-block-column is-layout-flow wp-block-column-is-layout-flow\"><div class=\"gb-container gb-container-36d97864\">\n\n<h3 class=\"wp-block-heading has-text-align-center has-text-color has-link-color wp-elements-8f8841d3f40fb712a0c8d704db550254\" style=\"color:#ffe4a8\">La Fusi\u00f3n Perfecta Entre lo Cl\u00e1sico y lo Moderno<\/h3>\n\n\n\n<p class=\"has-text-align-center has-base-3-color has-text-color has-link-color wp-elements-d914476cd81dae2bb103d41e63daca86\">Si prefieres un <strong>corte con tijeras tradicional<\/strong> o un <strong>degradado moderno<\/strong>, nuestros barberos combinan <strong>t\u00e9cnicas cl\u00e1sicas con las \u00faltimas tendencias<\/strong>.<\/p>\n\n\n\n<p class=\"has-text-align-center has-base-3-color has-text-color has-link-color wp-elements-5cd7be8d70e6fffe46d675b2e9e33329\">Siempre estamos actualizados con los estilos m\u00e1s recientes en las <strong>mejores barber\u00edas en Medell\u00edn<\/strong>, incluyendo:<\/p>\n\n\n\n<p class=\"has-text-align-center has-base-3-color has-text-color has-link-color wp-elements-42c17c16f9cacd6111c48e647827fead\">\u25cf <strong>Taper y Skin Fade<\/strong> \u2013 Fades n\u00edtidos y elegantes para cualquier ocasi\u00f3n.<\/p>\n\n\n\n<p class=\"has-text-align-center has-base-3-color has-text-color has-link-color wp-elements-ac7cd6880b9399e99e781906b34c85e3\">\u25cf <strong>Estilos Texturizados &amp; Despeinados<\/strong> \u2013 Un look moderno y relajado.<\/p>\n\n\n\n<p class=\"has-text-align-center has-base-3-color has-text-color has-link-color wp-elements-422c84b0bb822183c0664f4d80b90ae4\">\u25cf <strong> Partes Laterales Cl\u00e1sicas &amp; Pompadours<\/strong> \u2013 Peinados tradicionales con un toque contempor\u00e1neo.<\/p>\n\n\n\n<p class=\"has-text-color has-link-color wp-elements-4ea785170dc57569b5c68897dde166c3\" style=\"color:#1e1e1e\">\u25cf <strong> P<\/strong><\/p>\n\n<\/div><\/div>\n\n\n\n<div class=\"wp-block-column is-layout-flow wp-block-column-is-layout-flow\"><div class=\"gb-container gb-container-80ba44bb\">\n\n<h3 class=\"wp-block-heading has-text-align-center has-text-color has-link-color wp-elements-f1fa3d25dbb973b7b50f55f2d0c65b9d\" style=\"color:#ffe4a8\">Servicios Premium M\u00e1s All\u00e1 de un Simple Corte<\/h3>\n\n\n\n<p class=\"has-text-align-center has-base-3-color has-text-color has-link-color wp-elements-09e70c7ce954a2c1ac9824a55499bc6c\">En <strong>Rebel Barbers Medell\u00edn<\/strong>, no solo ofrecemos cortes de cabello, sino una <strong>experiencia completa de barber\u00eda<\/strong>.<\/p>\n\n\n\n<p class=\"has-text-align-center has-base-3-color has-text-color has-link-color wp-elements-cd2a56f2c862825bff726b9090058135\">\u25cf<strong> Afeitado Cl\u00e1sico con Navaja<\/strong> \u2013 Para quienes buscan un <strong>afeitado de lujo en Medell\u00edn<\/strong> con navaja y toalla caliente.<\/p>\n\n\n\n<p class=\"has-text-align-center has-base-3-color has-text-color has-link-color wp-elements-97fde8cbe16bbf1bd458e22c0a36445a\">\u25cf <strong>Perfilado y Dise\u00f1o de Barba<\/strong> \u2013 Servicio ideal para quienes buscan una <strong>barber\u00eda en Medell\u00edn con especialidad en barbas<\/strong>.<\/p>\n\n\n\n<p class=\"has-text-align-center has-base-3-color has-text-color has-link-color wp-elements-722ed5e9018e9f8529430c319446f75a\">\u25cf <strong> Masajes y Tratamientos Capilares<\/strong> \u2013 Ofrecemos <strong>masajes de cuero cabelludo en Medell\u00edn<\/strong> para revitalizar el cabello y relajar la tensi\u00f3n.<\/p>\n\n\n\n<p class=\"has-text-align-center has-base-3-color has-text-color has-link-color wp-elements-3d4545ca1d1d8040ac58b36745417e5e\">\u25cf <strong> Cortes Personalizados<\/strong> \u2013 Desde estilos cl\u00e1sicos hasta fades modernos, ajustamos cada corte a tus necesidades.<\/p>\n\n<\/div><\/div>\n<\/div>\n\n\n\n<div class=\"wp-block-columns is-layout-flex wp-container-core-columns-is-layout-9d6595d7 wp-block-columns-is-layout-flex\">\n<div class=\"wp-block-column is-layout-flow wp-block-column-is-layout-flow\"><div class=\"gb-container gb-container-b8971741\">\n\n<h3 class=\"wp-block-heading has-text-align-center has-text-color has-link-color wp-elements-d0804ae41684cc4d64d3aaa4caced399\" style=\"color:#ffe4a8\">Barberos Expertos con A\u00f1os de Experiencia<\/h3>\n\n\n\n<p class=\"has-text-align-center has-base-3-color has-text-color has-link-color wp-elements-d4b7afb965e7771848f3f128bbc19812\">Un buen corte de cabello en Medell\u00edn comienza con un <strong>barbero altamente capacitado<\/strong>. En <strong>Rebel Barbers<\/strong>, cada profesional:<\/p>\n\n\n\n<p class=\"has-text-align-center has-base-3-color has-text-color has-link-color wp-elements-a3ec803f1cb1719ab0d1fa893673f2c8\">\u25cf Est\u00e1 entrenado en <strong>t\u00e9cnicas cl\u00e1sicas y modernas<\/strong>.<\/p>\n\n\n\n<p class=\"has-text-align-center has-base-3-color has-text-color has-link-color wp-elements-a8d60f6b03d16a8eb13fa575403f51b8\">\u25cf Domina todos los <strong>tipos de cabello y estilos<\/strong>, desde un <strong>skin fade<\/strong> hasta un <strong>corte cl\u00e1sico con tijera<\/strong>.<\/p>\n\n\n\n<p class=\"has-text-align-center has-base-3-color has-text-color has-link-color wp-elements-a255772784fa0667ff6c57f42795814d\">\u25cf <strong> <\/strong>Personaliza cada corte seg\u00fan la <strong>forma del rostro y el estilo de vida<\/strong> del cliente.<\/p>\n\n\n\n<p class=\"has-text-align-center has-base-3-color has-text-color has-link-color wp-elements-b8e7406bdf9a140c9b33a82661e7afc2\">Si buscas la <strong>mejor barber\u00eda en Medell\u00edn para expatriados y turistas<\/strong>, en <strong>Rebel Barbers El Poblado<\/strong> ofrecemos atenci\u00f3n personalizada y asesor\u00eda para encontrar el corte perfecto.<\/p>\n\n<\/div><\/div>\n\n\n\n<div class=\"wp-block-column is-layout-flow wp-block-column-is-layout-flow\"><div class=\"gb-container gb-container-23f721c5\">\n\n<h3 class=\"wp-block-heading has-text-align-center has-text-color has-link-color wp-elements-d1bbca3f6eb55d7d2979a028e7f6d5ba\" style=\"color:#ffe4a8\">Un Ambiente Exclusivo y Profesional<\/h3>\n\n\n\n<p class=\"has-text-align-center has-base-3-color has-text-color has-link-color wp-elements-97b067044f8b2452b7efddad3e76eb24\">En <strong>Rebel Barbers El Poblado<\/strong>, hemos dise\u00f1ado un <strong>espacio donde los hombres pueden relajarse y disfrutar de una experiencia premium<\/strong>.<\/p>\n\n\n\n<p class=\"has-text-align-center has-base-3-color has-text-color has-link-color wp-elements-cd5c40a2a98a855b17f9517ce2c11b77\">\u25cf Un ambiente elegante y sofisticado, ideal para quienes buscan una <strong>barber\u00eda de lujo en Medell\u00edn<\/strong>.<\/p>\n\n\n\n<p class=\"has-text-align-center has-base-3-color has-text-color has-link-color wp-elements-8a0d42569ba32ccf468ab96da3f3a1ac\">\u25cf Un equipo profesional que garantiza una atenci\u00f3n <strong>personalizada y de alta calidad<\/strong><\/p>\n\n\n\n<p class=\"has-text-align-center has-base-3-color has-text-color has-link-color wp-elements-74dd60a4b3cc948db7bab37411aa8a5c\">\u25cf<strong>  <\/strong>Un servicio exclusivo para quienes buscan la <strong>mejor experiencia de barber\u00eda en Medell\u00edn<\/strong>.<\/p>\n\n\n\n<p class=\"has-text-color has-link-color wp-elements-5d2e2377712f5de5884e0eb09f0c3b46\" style=\"color:#1e1e1e\">\u25cf<strong>  <\/strong>Un <\/p>\n\n\n\n<p class=\"has-text-color has-link-color wp-elements-5d2e2377712f5de5884e0eb09f0c3b46\" style=\"color:#1e1e1e\">\u25cf<strong>  <\/strong>Un <\/p>\n\n<\/div><\/div>\n<\/div>\n\n\n\n<div class=\"wp-block-columns is-layout-flex wp-container-core-columns-is-layout-9d6595d7 wp-block-columns-is-layout-flex\">\n<div class=\"wp-block-column is-vertically-aligned-center is-layout-flow wp-block-column-is-layout-flow\"><div class=\"gb-container gb-container-f96297e8\">\n\n<h3 class=\"wp-block-heading has-text-align-center has-text-color has-link-color wp-elements-18fde4d07f2970d2b3db84e679570c98\" style=\"color:#ffe4a8\">Productos Premium para el Cuidado del Cabello y la Barba<\/h3>\n\n\n\n<p class=\"has-text-align-center has-base-3-color has-text-color has-link-color wp-elements-2a23d279e734c57772040a696c3cae47\">Solo usamos <strong>productos de alta calidad<\/strong> para garantizar:<\/p>\n\n\n\n<p class=\"has-text-align-center has-base-3-color has-text-color has-link-color wp-elements-3490eb140cb2ba7108eedb96413432bb\">\u25cf <strong>Peinados duraderos<\/strong> sin da\u00f1ar el cabello.<\/p>\n\n\n\n<p class=\"has-text-align-center has-base-3-color has-text-color has-link-color wp-elements-38aa500671ab89a2588020fe345da647\">\u25cf <strong>Barbas saludables<\/strong> con aceites y b\u00e1lsamos nutritivos.<\/p>\n\n\n\n<p class=\"has-text-align-center has-base-3-color has-text-color has-link-color wp-elements-b64da364a9486fcace246867aef483bd\">\u25cf <strong> Productos de estilizado profesionales<\/strong> adaptados a cada tipo de cabello.<\/p>\n\n\n\n<p class=\"has-text-align-center has-base-3-color has-text-color has-link-color wp-elements-85f61fae5b3ffcdabf4aff2e2f1f4dad\">Si buscas recomendaciones para el <strong>mejor cuidado de la barba en Medell\u00edn<\/strong>, nuestros barberos pueden guiarte en la selecci\u00f3n de productos ideales para tu estilo.<\/p>\n\n<\/div><\/div>\n<\/div>\n\n\n\n<h2 class=\"wp-block-heading has-text-align-center\"><strong><strong>\u00bfPor Qu\u00e9 Elegir Rebel Barbers? Porque Mereces lo Mejor.<\/strong><\/strong><\/h2>\n\n\n\n<p class=\"has-text-align-center\">Si est\u00e1s en busca de un <strong>corte de cabello en Medell\u00edn que combine estilo y precisi\u00f3n<\/strong>, <strong>Rebel Barbers El Poblado<\/strong> es tu mejor opci\u00f3n.<\/p>\n\n\n\n<p class=\"has-text-align-left\"><kbd><code><img decoding=\"async\" style=\"margin-bottom:-15px; width: 45px;\" src=\"https:\/\/rebelbarbers.com\/wp-content\/uploads\/2025\/03\/Frame-41-4.png\" alt=\"Frame 41\"><\/code><\/kbd> <strong>Barberos profesionales con experiencia y pasi\u00f3n por su trabajo.<\/strong><\/p>\n\n\n\n<p class=\"has-text-align-left\"><img decoding=\"async\" style=\"margin-bottom:-15px; width: 45px;\" src=\"https:\/\/rebelbarbers.com\/wp-content\/uploads\/2025\/03\/Frame-41-5.png\" alt=\"Frame 41\"> <strong>Un ambiente de barber\u00eda de lujo en Medell\u00edn dise\u00f1ado para tu comodidad.<\/strong><\/p>\n\n\n\n<p class=\"has-text-align-left\"><img decoding=\"async\" style=\"margin-bottom:-15px; width: 45px;\" src=\"https:\/\/rebelbarbers.com\/wp-content\/uploads\/2025\/03\/Frame-41-1-1.png\" alt=\"Frame 41\"> <strong>Cortes de cabello, perfilado de barba y servicios de cuidado personal de primera calidad.<\/strong><\/p>\n\n\n\n<p class=\"has-text-align-left\"><img decoding=\"async\" style=\"margin-bottom:-15px; width: 45px;\" src=\"https:\/\/rebelbarbers.com\/wp-content\/uploads\/2025\/03\/Frame-41-2-1.png\" alt=\"Frame 41\"> <strong>Ubicaci\u00f3n conveniente en El Poblado, Medell\u00edn, con un proceso de reserva f\u00e1cil.<\/strong><\/p>\n\n\n\n<p>Si buscas la <strong>mejor barber\u00eda en Medell\u00edn para expatriados, viajeros y locales<\/strong>, en <strong>Rebel Barbers El Poblado<\/strong> te ofrecemos un servicio exclusivo y de alto nivel.<\/p>\n\n\n<div class=\"gb-container gb-container-92c28d08\">\n\n<div class=\"wp-block-columns is-layout-flex wp-container-core-columns-is-layout-9d6595d7 wp-block-columns-is-layout-flex\">\n<div class=\"wp-block-column is-layout-flow wp-block-column-is-layout-flow\" style=\"flex-basis:66.66%\">\n<h3 class=\"wp-block-heading has-text-align-left\"><strong>No te conformes con un corte promedio, vive la mejor barber\u00eda de Medell\u00edn.<\/strong><\/h3>\n<\/div>\n\n\n\n<div class=\"wp-block-column is-vertically-aligned-center is-layout-flow wp-block-column-is-layout-flow\" style=\"flex-basis:33.33%\">\n<a class=\"gb-button gb-button-6e812119 gb-button-text\" href=\"https:\/\/www.fresha.com\/es\/a\/rebel-barbers-medellin-carrera-39-8-42-u51ie9o1\/booking?utm_source=Whatsapp&amp;utm_medium=Products%20Catalog%20\" target=\"_blank\" rel=\"noopener noreferrer\">\u00a1Reserva Ahora!<\/a>\n<\/div>\n<\/div>\n\n<\/div>\n\n\n<p><\/p>\n","protected":false},"excerpt":{"rendered":"<p>Cuando se trata del cuidado masculino en Medell\u00edn, no todas las barber\u00edas ofrecen el mismo nivel de calidad. Un buen corte de cabello no es solo un servicio: define tu estilo, refleja tu personalidad y es una inversi\u00f3n en tu imagen. Si est\u00e1s buscando la mejor barber\u00eda en El Poblado, Medell\u00edn, Rebel Barbers es la &#8230; <a title=\"\u00bfPor Qu\u00e9 Elegir Rebel Barbers? La Mejor Experiencia de Barber\u00eda en El Poblado, Medell\u00edn\" class=\"read-more\" href=\"https:\/\/rebelbarbers.com\/es\/blog\/por-que-rebel-barbers\/\" aria-label=\"Leer m\u00e1s sobre \u00bfPor Qu\u00e9 Elegir Rebel Barbers? La Mejor Experiencia de Barber\u00eda en El Poblado, Medell\u00edn\">Leer m\u00e1s<\/a><\/p>\n","protected":false},"author":15,"featured_media":7793,"comment_status":"open","ping_status":"closed","sticky":false,"template":"","format":"standard","meta":{"footnotes":""},"categories":[51],"tags":[],"class_list":["post-7881","post","type-post","status-publish","format-standard","has-post-thumbnail","hentry","category-mens-haircut-es"],"yoast_head":"<!-- This site is optimized with the Yoast SEO plugin v27.4 - https:\/\/yoast.com\/product\/yoast-seo-wordpress\/ -->\n<title>Por Qu\u00e9 Rebel Barbers - Rebel Barbers &amp; Massage<\/title>\n<meta name=\"description\" content=\"\u00bfPor qu\u00e9 elegir Rebel Barbers? La mejor experiencia de barber\u00eda en El Poblado Medell\u00edn. Descubre Rebel Barbers. \u00a1El mejor lugar en El Poblado!\" \/>\n<meta name=\"robots\" content=\"index, follow, max-snippet:-1, max-image-preview:large, max-video-preview:-1\" \/>\n<link rel=\"canonical\" href=\"https:\/\/rebelbarbers.com\/es\/blog\/por-que-rebel-barbers\/\" \/>\n<meta property=\"og:locale\" content=\"es_ES\" \/>\n<meta property=\"og:type\" content=\"article\" \/>\n<meta property=\"og:title\" content=\"Por Qu\u00e9 Rebel Barbers - Rebel Barbers &amp; Massage\" \/>\n<meta property=\"og:description\" content=\"\u00bfPor qu\u00e9 elegir Rebel Barbers? La mejor experiencia de barber\u00eda en El Poblado Medell\u00edn. Descubre Rebel Barbers. \u00a1El mejor lugar en El Poblado!\" \/>\n<meta property=\"og:url\" content=\"https:\/\/rebelbarbers.com\/es\/blog\/por-que-rebel-barbers\/\" \/>\n<meta property=\"og:site_name\" content=\"Rebel Barbers &amp; Massage\" \/>\n<meta property=\"article:published_time\" content=\"2025-03-06T20:02:55+00:00\" \/>\n<meta property=\"article:modified_time\" content=\"2025-03-06T20:20:17+00:00\" \/>\n<meta property=\"og:image\" content=\"https:\/\/rebelbarbers.com\/wp-content\/uploads\/2025\/03\/Frame-3.png\" \/>\n\t<meta property=\"og:image:width\" content=\"1920\" \/>\n\t<meta property=\"og:image:height\" content=\"458\" \/>\n\t<meta property=\"og:image:type\" content=\"image\/png\" \/>\n<meta name=\"author\" content=\"John Brown\" \/>\n<meta name=\"twitter:card\" content=\"summary_large_image\" \/>\n<meta name=\"twitter:label1\" content=\"Escrito por\" \/>\n\t<meta name=\"twitter:data1\" content=\"John Brown\" \/>\n\t<meta name=\"twitter:label2\" content=\"Tiempo de lectura\" \/>\n\t<meta name=\"twitter:data2\" content=\"5 minutos\" \/>\n<script type=\"application\/ld+json\" class=\"yoast-schema-graph\">{\"@context\":\"https:\\\/\\\/schema.org\",\"@graph\":[{\"@type\":\"Article\",\"@id\":\"https:\\\/\\\/rebelbarbers.com\\\/es\\\/blog\\\/por-que-rebel-barbers\\\/#article\",\"isPartOf\":{\"@id\":\"https:\\\/\\\/rebelbarbers.com\\\/es\\\/blog\\\/por-que-rebel-barbers\\\/\"},\"author\":{\"name\":\"John Brown\",\"@id\":\"https:\\\/\\\/rebelbarbers.com\\\/es\\\/#\\\/schema\\\/person\\\/1d2f61eb49c969d4e303a2fc5a070887\"},\"headline\":\"\u00bfPor Qu\u00e9 Elegir Rebel Barbers? La Mejor Experiencia de Barber\u00eda en El Poblado, Medell\u00edn\",\"datePublished\":\"2025-03-06T20:02:55+00:00\",\"dateModified\":\"2025-03-06T20:20:17+00:00\",\"mainEntityOfPage\":{\"@id\":\"https:\\\/\\\/rebelbarbers.com\\\/es\\\/blog\\\/por-que-rebel-barbers\\\/\"},\"wordCount\":901,\"commentCount\":0,\"publisher\":{\"@id\":\"https:\\\/\\\/rebelbarbers.com\\\/es\\\/#organization\"},\"image\":{\"@id\":\"https:\\\/\\\/rebelbarbers.com\\\/es\\\/blog\\\/por-que-rebel-barbers\\\/#primaryimage\"},\"thumbnailUrl\":\"https:\\\/\\\/rebelbarbers.com\\\/wp-content\\\/uploads\\\/2025\\\/03\\\/Frame-3.png\",\"articleSection\":[\"Men\u2019s haircut\"],\"inLanguage\":\"es\",\"potentialAction\":[{\"@type\":\"CommentAction\",\"name\":\"Comment\",\"target\":[\"https:\\\/\\\/rebelbarbers.com\\\/es\\\/blog\\\/por-que-rebel-barbers\\\/#respond\"]}]},{\"@type\":\"WebPage\",\"@id\":\"https:\\\/\\\/rebelbarbers.com\\\/es\\\/blog\\\/por-que-rebel-barbers\\\/\",\"url\":\"https:\\\/\\\/rebelbarbers.com\\\/es\\\/blog\\\/por-que-rebel-barbers\\\/\",\"name\":\"Por Qu\u00e9 Rebel Barbers - Rebel Barbers &amp; Massage\",\"isPartOf\":{\"@id\":\"https:\\\/\\\/rebelbarbers.com\\\/es\\\/#website\"},\"primaryImageOfPage\":{\"@id\":\"https:\\\/\\\/rebelbarbers.com\\\/es\\\/blog\\\/por-que-rebel-barbers\\\/#primaryimage\"},\"image\":{\"@id\":\"https:\\\/\\\/rebelbarbers.com\\\/es\\\/blog\\\/por-que-rebel-barbers\\\/#primaryimage\"},\"thumbnailUrl\":\"https:\\\/\\\/rebelbarbers.com\\\/wp-content\\\/uploads\\\/2025\\\/03\\\/Frame-3.png\",\"datePublished\":\"2025-03-06T20:02:55+00:00\",\"dateModified\":\"2025-03-06T20:20:17+00:00\",\"description\":\"\u00bfPor qu\u00e9 elegir Rebel Barbers? La mejor experiencia de barber\u00eda en El Poblado Medell\u00edn. Descubre Rebel Barbers. \u00a1El mejor lugar en El Poblado!\",\"breadcrumb\":{\"@id\":\"https:\\\/\\\/rebelbarbers.com\\\/es\\\/blog\\\/por-que-rebel-barbers\\\/#breadcrumb\"},\"inLanguage\":\"es\",\"potentialAction\":[{\"@type\":\"ReadAction\",\"target\":[\"https:\\\/\\\/rebelbarbers.com\\\/es\\\/blog\\\/por-que-rebel-barbers\\\/\"]}]},{\"@type\":\"ImageObject\",\"inLanguage\":\"es\",\"@id\":\"https:\\\/\\\/rebelbarbers.com\\\/es\\\/blog\\\/por-que-rebel-barbers\\\/#primaryimage\",\"url\":\"https:\\\/\\\/rebelbarbers.com\\\/wp-content\\\/uploads\\\/2025\\\/03\\\/Frame-3.png\",\"contentUrl\":\"https:\\\/\\\/rebelbarbers.com\\\/wp-content\\\/uploads\\\/2025\\\/03\\\/Frame-3.png\",\"width\":1920,\"height\":458},{\"@type\":\"BreadcrumbList\",\"@id\":\"https:\\\/\\\/rebelbarbers.com\\\/es\\\/blog\\\/por-que-rebel-barbers\\\/#breadcrumb\",\"itemListElement\":[{\"@type\":\"ListItem\",\"position\":1,\"name\":\"Home\",\"item\":\"https:\\\/\\\/rebelbarbers.com\\\/es\\\/\"},{\"@type\":\"ListItem\",\"position\":2,\"name\":\"\u00bfPor Qu\u00e9 Elegir Rebel Barbers? La Mejor Experiencia de Barber\u00eda en El Poblado, Medell\u00edn\"}]},{\"@type\":\"WebSite\",\"@id\":\"https:\\\/\\\/rebelbarbers.com\\\/es\\\/#website\",\"url\":\"https:\\\/\\\/rebelbarbers.com\\\/es\\\/\",\"name\":\"Rebel Barbers &amp; Massage\",\"description\":\"The essential barber shop for today&#039;s men\",\"publisher\":{\"@id\":\"https:\\\/\\\/rebelbarbers.com\\\/es\\\/#organization\"},\"potentialAction\":[{\"@type\":\"SearchAction\",\"target\":{\"@type\":\"EntryPoint\",\"urlTemplate\":\"https:\\\/\\\/rebelbarbers.com\\\/es\\\/?s={search_term_string}\"},\"query-input\":{\"@type\":\"PropertyValueSpecification\",\"valueRequired\":true,\"valueName\":\"search_term_string\"}}],\"inLanguage\":\"es\"},{\"@type\":\"Organization\",\"@id\":\"https:\\\/\\\/rebelbarbers.com\\\/es\\\/#organization\",\"name\":\"Rebel Barbers &amp; Massage\",\"url\":\"https:\\\/\\\/rebelbarbers.com\\\/es\\\/\",\"logo\":{\"@type\":\"ImageObject\",\"inLanguage\":\"es\",\"@id\":\"https:\\\/\\\/rebelbarbers.com\\\/es\\\/#\\\/schema\\\/logo\\\/image\\\/\",\"url\":\"https:\\\/\\\/rebelbarbers.com\\\/wp-content\\\/uploads\\\/2021\\\/09\\\/cropped-Rebel-Barbers-Logos_Mesa-de-trabajo-1-copia-3-1.png\",\"contentUrl\":\"https:\\\/\\\/rebelbarbers.com\\\/wp-content\\\/uploads\\\/2021\\\/09\\\/cropped-Rebel-Barbers-Logos_Mesa-de-trabajo-1-copia-3-1.png\",\"width\":1277,\"height\":465,\"caption\":\"Rebel Barbers &amp; Massage\"},\"image\":{\"@id\":\"https:\\\/\\\/rebelbarbers.com\\\/es\\\/#\\\/schema\\\/logo\\\/image\\\/\"}},{\"@type\":\"Person\",\"@id\":\"https:\\\/\\\/rebelbarbers.com\\\/es\\\/#\\\/schema\\\/person\\\/1d2f61eb49c969d4e303a2fc5a070887\",\"name\":\"John Brown\",\"image\":{\"@type\":\"ImageObject\",\"inLanguage\":\"es\",\"@id\":\"https:\\\/\\\/secure.gravatar.com\\\/avatar\\\/0b01119c461ec6ba41bfc12a22cd8a6639d62b2c4c51ce5744a130463ec7eb8e?s=96&d=mm&r=g\",\"url\":\"https:\\\/\\\/secure.gravatar.com\\\/avatar\\\/0b01119c461ec6ba41bfc12a22cd8a6639d62b2c4c51ce5744a130463ec7eb8e?s=96&d=mm&r=g\",\"contentUrl\":\"https:\\\/\\\/secure.gravatar.com\\\/avatar\\\/0b01119c461ec6ba41bfc12a22cd8a6639d62b2c4c51ce5744a130463ec7eb8e?s=96&d=mm&r=g\",\"caption\":\"John Brown\"},\"sameAs\":[\"http:\\\/\\\/farmerbrown.com\"]}]}<\/script>\n<!-- \/ Yoast SEO plugin. -->","yoast_head_json":{"title":"Por Qu\u00e9 Rebel Barbers - Rebel Barbers &amp; Massage","description":"\u00bfPor qu\u00e9 elegir Rebel Barbers? La mejor experiencia de barber\u00eda en El Poblado Medell\u00edn. Descubre Rebel Barbers. \u00a1El mejor lugar en El Poblado!","robots":{"index":"index","follow":"follow","max-snippet":"max-snippet:-1","max-image-preview":"max-image-preview:large","max-video-preview":"max-video-preview:-1"},"canonical":"https:\/\/rebelbarbers.com\/es\/blog\/por-que-rebel-barbers\/","og_locale":"es_ES","og_type":"article","og_title":"Por Qu\u00e9 Rebel Barbers - Rebel Barbers &amp; Massage","og_description":"\u00bfPor qu\u00e9 elegir Rebel Barbers? La mejor experiencia de barber\u00eda en El Poblado Medell\u00edn. Descubre Rebel Barbers. \u00a1El mejor lugar en El Poblado!","og_url":"https:\/\/rebelbarbers.com\/es\/blog\/por-que-rebel-barbers\/","og_site_name":"Rebel Barbers &amp; Massage","article_published_time":"2025-03-06T20:02:55+00:00","article_modified_time":"2025-03-06T20:20:17+00:00","og_image":[{"width":1920,"height":458,"url":"https:\/\/rebelbarbers.com\/wp-content\/uploads\/2025\/03\/Frame-3.png","type":"image\/png"}],"author":"John Brown","twitter_card":"summary_large_image","twitter_misc":{"Escrito por":"John Brown","Tiempo de lectura":"5 minutos"},"schema":{"@context":"https:\/\/schema.org","@graph":[{"@type":"Article","@id":"https:\/\/rebelbarbers.com\/es\/blog\/por-que-rebel-barbers\/#article","isPartOf":{"@id":"https:\/\/rebelbarbers.com\/es\/blog\/por-que-rebel-barbers\/"},"author":{"name":"John Brown","@id":"https:\/\/rebelbarbers.com\/es\/#\/schema\/person\/1d2f61eb49c969d4e303a2fc5a070887"},"headline":"\u00bfPor Qu\u00e9 Elegir Rebel Barbers? La Mejor Experiencia de Barber\u00eda en El Poblado, Medell\u00edn","datePublished":"2025-03-06T20:02:55+00:00","dateModified":"2025-03-06T20:20:17+00:00","mainEntityOfPage":{"@id":"https:\/\/rebelbarbers.com\/es\/blog\/por-que-rebel-barbers\/"},"wordCount":901,"commentCount":0,"publisher":{"@id":"https:\/\/rebelbarbers.com\/es\/#organization"},"image":{"@id":"https:\/\/rebelbarbers.com\/es\/blog\/por-que-rebel-barbers\/#primaryimage"},"thumbnailUrl":"https:\/\/rebelbarbers.com\/wp-content\/uploads\/2025\/03\/Frame-3.png","articleSection":["Men\u2019s haircut"],"inLanguage":"es","potentialAction":[{"@type":"CommentAction","name":"Comment","target":["https:\/\/rebelbarbers.com\/es\/blog\/por-que-rebel-barbers\/#respond"]}]},{"@type":"WebPage","@id":"https:\/\/rebelbarbers.com\/es\/blog\/por-que-rebel-barbers\/","url":"https:\/\/rebelbarbers.com\/es\/blog\/por-que-rebel-barbers\/","name":"Por Qu\u00e9 Rebel Barbers - Rebel Barbers &amp; Massage","isPartOf":{"@id":"https:\/\/rebelbarbers.com\/es\/#website"},"primaryImageOfPage":{"@id":"https:\/\/rebelbarbers.com\/es\/blog\/por-que-rebel-barbers\/#primaryimage"},"image":{"@id":"https:\/\/rebelbarbers.com\/es\/blog\/por-que-rebel-barbers\/#primaryimage"},"thumbnailUrl":"https:\/\/rebelbarbers.com\/wp-content\/uploads\/2025\/03\/Frame-3.png","datePublished":"2025-03-06T20:02:55+00:00","dateModified":"2025-03-06T20:20:17+00:00","description":"\u00bfPor qu\u00e9 elegir Rebel Barbers? La mejor experiencia de barber\u00eda en El Poblado Medell\u00edn. Descubre Rebel Barbers. \u00a1El mejor lugar en El Poblado!","breadcrumb":{"@id":"https:\/\/rebelbarbers.com\/es\/blog\/por-que-rebel-barbers\/#breadcrumb"},"inLanguage":"es","potentialAction":[{"@type":"ReadAction","target":["https:\/\/rebelbarbers.com\/es\/blog\/por-que-rebel-barbers\/"]}]},{"@type":"ImageObject","inLanguage":"es","@id":"https:\/\/rebelbarbers.com\/es\/blog\/por-que-rebel-barbers\/#primaryimage","url":"https:\/\/rebelbarbers.com\/wp-content\/uploads\/2025\/03\/Frame-3.png","contentUrl":"https:\/\/rebelbarbers.com\/wp-content\/uploads\/2025\/03\/Frame-3.png","width":1920,"height":458},{"@type":"BreadcrumbList","@id":"https:\/\/rebelbarbers.com\/es\/blog\/por-que-rebel-barbers\/#breadcrumb","itemListElement":[{"@type":"ListItem","position":1,"name":"Home","item":"https:\/\/rebelbarbers.com\/es\/"},{"@type":"ListItem","position":2,"name":"\u00bfPor Qu\u00e9 Elegir Rebel Barbers? La Mejor Experiencia de Barber\u00eda en El Poblado, Medell\u00edn"}]},{"@type":"WebSite","@id":"https:\/\/rebelbarbers.com\/es\/#website","url":"https:\/\/rebelbarbers.com\/es\/","name":"Rebel Barbers &amp; Massage","description":"The essential barber shop for today&#039;s men","publisher":{"@id":"https:\/\/rebelbarbers.com\/es\/#organization"},"potentialAction":[{"@type":"SearchAction","target":{"@type":"EntryPoint","urlTemplate":"https:\/\/rebelbarbers.com\/es\/?s={search_term_string}"},"query-input":{"@type":"PropertyValueSpecification","valueRequired":true,"valueName":"search_term_string"}}],"inLanguage":"es"},{"@type":"Organization","@id":"https:\/\/rebelbarbers.com\/es\/#organization","name":"Rebel Barbers &amp; Massage","url":"https:\/\/rebelbarbers.com\/es\/","logo":{"@type":"ImageObject","inLanguage":"es","@id":"https:\/\/rebelbarbers.com\/es\/#\/schema\/logo\/image\/","url":"https:\/\/rebelbarbers.com\/wp-content\/uploads\/2021\/09\/cropped-Rebel-Barbers-Logos_Mesa-de-trabajo-1-copia-3-1.png","contentUrl":"https:\/\/rebelbarbers.com\/wp-content\/uploads\/2021\/09\/cropped-Rebel-Barbers-Logos_Mesa-de-trabajo-1-copia-3-1.png","width":1277,"height":465,"caption":"Rebel Barbers &amp; Massage"},"image":{"@id":"https:\/\/rebelbarbers.com\/es\/#\/schema\/logo\/image\/"}},{"@type":"Person","@id":"https:\/\/rebelbarbers.com\/es\/#\/schema\/person\/1d2f61eb49c969d4e303a2fc5a070887","name":"John Brown","image":{"@type":"ImageObject","inLanguage":"es","@id":"https:\/\/secure.gravatar.com\/avatar\/0b01119c461ec6ba41bfc12a22cd8a6639d62b2c4c51ce5744a130463ec7eb8e?s=96&d=mm&r=g","url":"https:\/\/secure.gravatar.com\/avatar\/0b01119c461ec6ba41bfc12a22cd8a6639d62b2c4c51ce5744a130463ec7eb8e?s=96&d=mm&r=g","contentUrl":"https:\/\/secure.gravatar.com\/avatar\/0b01119c461ec6ba41bfc12a22cd8a6639d62b2c4c51ce5744a130463ec7eb8e?s=96&d=mm&r=g","caption":"John Brown"},"sameAs":["http:\/\/farmerbrown.com"]}]}},"_links":{"self":[{"href":"https:\/\/rebelbarbers.com\/es\/wp-json\/wp\/v2\/posts\/7881","targetHints":{"allow":["GET"]}}],"collection":[{"href":"https:\/\/rebelbarbers.com\/es\/wp-json\/wp\/v2\/posts"}],"about":[{"href":"https:\/\/rebelbarbers.com\/es\/wp-json\/wp\/v2\/types\/post"}],"author":[{"embeddable":true,"href":"https:\/\/rebelbarbers.com\/es\/wp-json\/wp\/v2\/users\/15"}],"replies":[{"embeddable":true,"href":"https:\/\/rebelbarbers.com\/es\/wp-json\/wp\/v2\/comments?post=7881"}],"version-history":[{"count":19,"href":"https:\/\/rebelbarbers.com\/es\/wp-json\/wp\/v2\/posts\/7881\/revisions"}],"predecessor-version":[{"id":7905,"href":"https:\/\/rebelbarbers.com\/es\/wp-json\/wp\/v2\/posts\/7881\/revisions\/7905"}],"wp:featuredmedia":[{"embeddable":true,"href":"https:\/\/rebelbarbers.com\/es\/wp-json\/wp\/v2\/media\/7793"}],"wp:attachment":[{"href":"https:\/\/rebelbarbers.com\/es\/wp-json\/wp\/v2\/media?parent=7881"}],"wp:term":[{"taxonomy":"category","embeddable":true,"href":"https:\/\/rebelbarbers.com\/es\/wp-json\/wp\/v2\/categories?post=7881"},{"taxonomy":"post_tag","embeddable":true,"href":"https:\/\/rebelbarbers.com\/es\/wp-json\/wp\/v2\/tags?post=7881"}],"curies":[{"name":"wp","href":"https:\/\/api.w.org\/{rel}","templated":true}]}}