{"id":7223,"date":"2023-05-10T08:00:00","date_gmt":"2023-05-10T08:00:00","guid":{"rendered":"https:\/\/rebelbarbers.com\/?p=7223"},"modified":"2023-05-10T01:20:39","modified_gmt":"2023-05-10T01:20:39","slug":"the-benefits-of-haircare-for-men-is-not-vain-to-take-care-of-yourself","status":"publish","type":"post","link":"https:\/\/rebelbarbers.com\/es\/blog\/the-benefits-of-haircare-for-men-is-not-vain-to-take-care-of-yourself\/","title":{"rendered":"Los beneficios del cuidado del cabello para hombres: no es vano cuidarse a uno mismo"},"content":{"rendered":"\n<p>Durante siglos, se ha esperado que los hombres mantuvieran un cierto nivel de aseo y apariencia, pero a menudo el cuidado del cabello se ha dejado fuera de la ecuaci\u00f3n. Sin embargo, las tendencias recientes en las actitudes de aseo de los hombres han cambiado hacia una mayor apreciaci\u00f3n de la importancia del cuidado del cabello. Hoy analizaremos las ventajas de un cuidado capilar adecuado para el hombre y c\u00f3mo puede contribuir a elevar su expresi\u00f3n masculina.<\/p>\n\n\n\n<h2 class=\"wp-block-heading\"><strong>El cuidado del cabello no es s\u00f3lo cosa de mujeres<\/strong><\/h2>\n\n\n\n<p>A lo largo de los a\u00f1os, se ha considerado que el cuidado del cabello es cosa de mujeres y muchos hombres han olvidado lo importante que es. Pero lo cierto es que el cuidado del cabello no es una tarea espec\u00edfica de cada sexo. Tanto hombres como mujeres deben prestar la m\u00e1xima atenci\u00f3n al cuidado del cabello para evitar problemas como la sequedad, la rotura o la ca\u00edda. Descuidar el cabello puede repercutir negativamente en la autoestima, la confianza y el aspecto general.<\/p>\n\n\n\n<p>Es crucial que los hombres reconozcan la importancia de un cuidado capilar adecuado. Dedicando tiempo y esfuerzo a mantener su cabello sano, los hombres pueden sentirse bien consigo mismos, tener mejor aspecto y sentirse mejor en general. Los hombres deber\u00edan pedir consejo a sus barberos o peluqueros sobre el cuidado del cabello.<\/p>\n\n\n\n<p>Cuidarse bien el pelo implica varias pr\u00e1cticas, como lavarlo y acondicionarlo con los productos adecuados, cort\u00e1rselo con regularidad, evitar los productos qu\u00edmicos agresivos y protegerlo de los da\u00f1os causados por el calor. Estas medidas pueden ayudar a los hombres a mantener un cabello sano, fuerte, brillante y lleno de vida.<\/p>\n\n\n\n<h2 class=\"wp-block-heading\"><strong>La expresi\u00f3n masculina<\/strong><\/h2>\n\n\n\n<p>Es esencial dar prioridad a mejorar la forma en que expresas tu masculinidad a trav\u00e9s de un cuidado capilar adecuado, que implica algo m\u00e1s que un lavado y corte rutinarios. Nuestro cabello es un aspecto significativo de c\u00f3mo nos presentamos al mundo, y un peinado bien cuidado puede hacer maravillas a la hora de acentuar los rasgos naturales de un hombre y resaltar sus mejores cualidades.<\/p>\n\n\n\n<p>Con un peinado cuidadoso, los hombres pueden transmitir su identidad masculina de un modo que les sea propio y socialmente aceptable. El peinado adecuado puede hacer que un hombre se sienta m\u00e1s:<\/p>\n\n\n\n<ul class=\"wp-block-list\">\n<li>Seguro de s\u00ed mismo<\/li>\n\n\n\n<li>C\u00f3modo<\/li>\n\n\n\n<li>Atractivo<\/li>\n<\/ul>\n\n\n\n<p>Ya sea con un look elegante y profesional para eventos formales o con un estilo relajado y desordenado para los fines de semana informales.<\/p>\n\n\n\n<p>Est\u00e1 claro que cuidarse no es cuesti\u00f3n de vanidad. Un look que te hace sentir mejor no es vanidoso. T\u00fa te expresas, y no es vanidoso preocuparse por ello. Estamos listas para lograr un peinado estupendo una vez que afirmes esto como verdad.<\/p>\n\n\n\n<h2 class=\"wp-block-heading\"><strong>Consigue tu estilo<\/strong><\/h2>\n\n\n\n<p>Conseguir el peinado perfecto va m\u00e1s all\u00e1 de peinarse y moldearse. Los hombres necesitan utilizar los productos adecuados, dise\u00f1ados espec\u00edficamente para sus necesidades capilares. Los productos que hidratan y nutren el cuero cabelludo y el cabello son esenciales para mantener un pelo sano, fuerte y brillante. Invertir en productos capilares de alta calidad es una inversi\u00f3n a largo plazo en el aspecto f\u00edsico y puede mejorar significativamente la rutina de aseo general de un hombre.<\/p>\n\n\n\n<p>Sin embargo, elegir los productos adecuados para el cuidado del cabello puede resultar abrumador con la gran cantidad de opciones disponibles en el mercado. Es esencial que los hombres eval\u00faen su tipo de cabello, textura y preocupaciones espec\u00edficas para identificar los productos de cuidado capilar adecuados que satisfagan sus necesidades. Utilizar el producto equivocado puede da\u00f1ar el cabello, romperlo y darle un aspecto poco atractivo.<\/p>\n\n\n\n<p>Adem\u00e1s de seleccionar los productos adecuados, es fundamental incorporar a la rutina diaria una rutina regular de cuidado del cabello. Esto incluye el lavado, acondicionamiento y peinado regulares con productos adecuados para mantener un cuero cabelludo y un cabello sanos. Tambi\u00e9n es importante tener en cuenta c\u00f3mo los factores externos, como el calor y la contaminaci\u00f3n, pueden afectar a la salud del cabello y tomar medidas para protegerlo.<\/p>\n\n\n\n<h2 class=\"wp-block-heading\"><strong>M\u00e1s all\u00e1 de la superficie<\/strong><\/h2>\n\n\n\n<p>El cuidado del cabello no es s\u00f3lo cosa de mujeres, y los hombres pueden beneficiarse enormemente de invertir en un cuidado y aseo adecuados. Dedicando tiempo a cuidar su cabello, los hombres pueden elevar su expresi\u00f3n masculina, aumentar su confianza y mejorar su aspecto general. As\u00ed que, la pr\u00f3xima vez que sientas la tentaci\u00f3n de saltarte el champ\u00fa o descuidar tu pelo por completo, recuerda que cuidarlo es una parte esencial de ser un hombre bien cuidado y seguro de s\u00ed mismo.<\/p>\n","protected":false},"excerpt":{"rendered":"<p>Durante siglos, se ha esperado que los hombres mantuvieran un cierto nivel de aseo y apariencia, pero a menudo el cuidado del cabello se ha dejado fuera de la ecuaci\u00f3n. Sin embargo, las tendencias recientes en las actitudes de aseo de los hombres han cambiado hacia una mayor apreciaci\u00f3n de la importancia del cuidado del &#8230; <a title=\"Los beneficios del cuidado del cabello para hombres: no es vano cuidarse a uno mismo\" class=\"read-more\" href=\"https:\/\/rebelbarbers.com\/es\/blog\/the-benefits-of-haircare-for-men-is-not-vain-to-take-care-of-yourself\/\" aria-label=\"Leer m\u00e1s sobre Los beneficios del cuidado del cabello para hombres: no es vano cuidarse a uno mismo\">Leer m\u00e1s<\/a><\/p>\n","protected":false},"author":15,"featured_media":5472,"comment_status":"closed","ping_status":"closed","sticky":false,"template":"","format":"standard","meta":{"footnotes":""},"categories":[35,10],"tags":[],"class_list":["post-7223","post","type-post","status-publish","format-standard","has-post-thumbnail","hentry","category-cuidado-del-cabello-es","category-rebel-barbers-massage"],"yoast_head":"<!-- This site is optimized with the Yoast SEO plugin v27.4 - https:\/\/yoast.com\/product\/yoast-seo-wordpress\/ -->\n<title>Beneficios del cuidado del cabello para hombres<\/title>\n<meta name=\"description\" content=\"El cuidado del cabello no es s\u00f3lo cosa de mujeres, tambi\u00e9n los hombres pueden beneficiarse de \u00e9l. Descubre c\u00f3mo puede aumentar la autoestima y la confianza en ti mismo en este art\u00edculo.\" \/>\n<meta name=\"robots\" content=\"index, follow, max-snippet:-1, max-image-preview:large, max-video-preview:-1\" \/>\n<link rel=\"canonical\" href=\"https:\/\/rebelbarbers.com\/es\/blog\/the-benefits-of-haircare-for-men-is-not-vain-to-take-care-of-yourself\/\" \/>\n<meta property=\"og:locale\" content=\"es_ES\" \/>\n<meta property=\"og:type\" content=\"article\" \/>\n<meta property=\"og:title\" content=\"Beneficios del cuidado del cabello para hombres\" \/>\n<meta property=\"og:description\" content=\"El cuidado del cabello no es s\u00f3lo cosa de mujeres, tambi\u00e9n los hombres pueden beneficiarse de \u00e9l. Descubre c\u00f3mo puede aumentar la autoestima y la confianza en ti mismo en este art\u00edculo.\" \/>\n<meta property=\"og:url\" content=\"https:\/\/rebelbarbers.com\/es\/blog\/the-benefits-of-haircare-for-men-is-not-vain-to-take-care-of-yourself\/\" \/>\n<meta property=\"og:site_name\" content=\"Rebel Barbers &amp; Massage\" \/>\n<meta property=\"article:published_time\" content=\"2023-05-10T08:00:00+00:00\" \/>\n<meta property=\"og:image\" content=\"https:\/\/rebelbarbers.com\/wp-content\/uploads\/2023\/05\/Principal-Image-of-The-Haircare-for-Men-in-rebel-Barbers.jpg\" \/>\n\t<meta property=\"og:image:width\" content=\"1500\" \/>\n\t<meta property=\"og:image:height\" content=\"1000\" \/>\n\t<meta property=\"og:image:type\" content=\"image\/jpeg\" \/>\n<meta name=\"author\" content=\"John Brown\" \/>\n<meta name=\"twitter:card\" content=\"summary_large_image\" \/>\n<meta name=\"twitter:label1\" content=\"Escrito por\" \/>\n\t<meta name=\"twitter:data1\" content=\"John Brown\" \/>\n\t<meta name=\"twitter:label2\" content=\"Tiempo de lectura\" \/>\n\t<meta name=\"twitter:data2\" content=\"4 minutos\" \/>\n<script type=\"application\/ld+json\" class=\"yoast-schema-graph\">{\"@context\":\"https:\\\/\\\/schema.org\",\"@graph\":[{\"@type\":\"Article\",\"@id\":\"https:\\\/\\\/rebelbarbers.com\\\/es\\\/blog\\\/the-benefits-of-haircare-for-men-is-not-vain-to-take-care-of-yourself\\\/#article\",\"isPartOf\":{\"@id\":\"https:\\\/\\\/rebelbarbers.com\\\/es\\\/blog\\\/the-benefits-of-haircare-for-men-is-not-vain-to-take-care-of-yourself\\\/\"},\"author\":{\"name\":\"John Brown\",\"@id\":\"https:\\\/\\\/rebelbarbers.com\\\/es\\\/#\\\/schema\\\/person\\\/1d2f61eb49c969d4e303a2fc5a070887\"},\"headline\":\"Los beneficios del cuidado del cabello para hombres: no es vano cuidarse a uno mismo\",\"datePublished\":\"2023-05-10T08:00:00+00:00\",\"mainEntityOfPage\":{\"@id\":\"https:\\\/\\\/rebelbarbers.com\\\/es\\\/blog\\\/the-benefits-of-haircare-for-men-is-not-vain-to-take-care-of-yourself\\\/\"},\"wordCount\":798,\"publisher\":{\"@id\":\"https:\\\/\\\/rebelbarbers.com\\\/es\\\/#organization\"},\"image\":{\"@id\":\"https:\\\/\\\/rebelbarbers.com\\\/es\\\/blog\\\/the-benefits-of-haircare-for-men-is-not-vain-to-take-care-of-yourself\\\/#primaryimage\"},\"thumbnailUrl\":\"https:\\\/\\\/rebelbarbers.com\\\/wp-content\\\/uploads\\\/2021\\\/07\\\/handsome-man-shaving-beard-at-barbershop-1-2-scaled.jpg\",\"articleSection\":[\"Cuidado del cabello\",\"Rebel Barbers &amp; Massage\"],\"inLanguage\":\"es\"},{\"@type\":\"WebPage\",\"@id\":\"https:\\\/\\\/rebelbarbers.com\\\/es\\\/blog\\\/the-benefits-of-haircare-for-men-is-not-vain-to-take-care-of-yourself\\\/\",\"url\":\"https:\\\/\\\/rebelbarbers.com\\\/es\\\/blog\\\/the-benefits-of-haircare-for-men-is-not-vain-to-take-care-of-yourself\\\/\",\"name\":\"Beneficios del cuidado del cabello para hombres\",\"isPartOf\":{\"@id\":\"https:\\\/\\\/rebelbarbers.com\\\/es\\\/#website\"},\"primaryImageOfPage\":{\"@id\":\"https:\\\/\\\/rebelbarbers.com\\\/es\\\/blog\\\/the-benefits-of-haircare-for-men-is-not-vain-to-take-care-of-yourself\\\/#primaryimage\"},\"image\":{\"@id\":\"https:\\\/\\\/rebelbarbers.com\\\/es\\\/blog\\\/the-benefits-of-haircare-for-men-is-not-vain-to-take-care-of-yourself\\\/#primaryimage\"},\"thumbnailUrl\":\"https:\\\/\\\/rebelbarbers.com\\\/wp-content\\\/uploads\\\/2021\\\/07\\\/handsome-man-shaving-beard-at-barbershop-1-2-scaled.jpg\",\"datePublished\":\"2023-05-10T08:00:00+00:00\",\"description\":\"El cuidado del cabello no es s\u00f3lo cosa de mujeres, tambi\u00e9n los hombres pueden beneficiarse de \u00e9l. Descubre c\u00f3mo puede aumentar la autoestima y la confianza en ti mismo en este art\u00edculo.\",\"breadcrumb\":{\"@id\":\"https:\\\/\\\/rebelbarbers.com\\\/es\\\/blog\\\/the-benefits-of-haircare-for-men-is-not-vain-to-take-care-of-yourself\\\/#breadcrumb\"},\"inLanguage\":\"es\",\"potentialAction\":[{\"@type\":\"ReadAction\",\"target\":[\"https:\\\/\\\/rebelbarbers.com\\\/es\\\/blog\\\/the-benefits-of-haircare-for-men-is-not-vain-to-take-care-of-yourself\\\/\"]}]},{\"@type\":\"ImageObject\",\"inLanguage\":\"es\",\"@id\":\"https:\\\/\\\/rebelbarbers.com\\\/es\\\/blog\\\/the-benefits-of-haircare-for-men-is-not-vain-to-take-care-of-yourself\\\/#primaryimage\",\"url\":\"https:\\\/\\\/rebelbarbers.com\\\/wp-content\\\/uploads\\\/2021\\\/07\\\/handsome-man-shaving-beard-at-barbershop-1-2-scaled.jpg\",\"contentUrl\":\"https:\\\/\\\/rebelbarbers.com\\\/wp-content\\\/uploads\\\/2021\\\/07\\\/handsome-man-shaving-beard-at-barbershop-1-2-scaled.jpg\",\"width\":2560,\"height\":1706,\"caption\":\"handsome man shaving beard at barbershop 1 2 scaled\"},{\"@type\":\"BreadcrumbList\",\"@id\":\"https:\\\/\\\/rebelbarbers.com\\\/es\\\/blog\\\/the-benefits-of-haircare-for-men-is-not-vain-to-take-care-of-yourself\\\/#breadcrumb\",\"itemListElement\":[{\"@type\":\"ListItem\",\"position\":1,\"name\":\"Home\",\"item\":\"https:\\\/\\\/rebelbarbers.com\\\/es\\\/\"},{\"@type\":\"ListItem\",\"position\":2,\"name\":\"Los beneficios del cuidado del cabello para hombres: no es vano cuidarse a uno mismo\"}]},{\"@type\":\"WebSite\",\"@id\":\"https:\\\/\\\/rebelbarbers.com\\\/es\\\/#website\",\"url\":\"https:\\\/\\\/rebelbarbers.com\\\/es\\\/\",\"name\":\"Rebel Barbers &amp; Massage\",\"description\":\"The essential barber shop for today&#039;s men\",\"publisher\":{\"@id\":\"https:\\\/\\\/rebelbarbers.com\\\/es\\\/#organization\"},\"potentialAction\":[{\"@type\":\"SearchAction\",\"target\":{\"@type\":\"EntryPoint\",\"urlTemplate\":\"https:\\\/\\\/rebelbarbers.com\\\/es\\\/?s={search_term_string}\"},\"query-input\":{\"@type\":\"PropertyValueSpecification\",\"valueRequired\":true,\"valueName\":\"search_term_string\"}}],\"inLanguage\":\"es\"},{\"@type\":\"Organization\",\"@id\":\"https:\\\/\\\/rebelbarbers.com\\\/es\\\/#organization\",\"name\":\"Rebel Barbers &amp; Massage\",\"url\":\"https:\\\/\\\/rebelbarbers.com\\\/es\\\/\",\"logo\":{\"@type\":\"ImageObject\",\"inLanguage\":\"es\",\"@id\":\"https:\\\/\\\/rebelbarbers.com\\\/es\\\/#\\\/schema\\\/logo\\\/image\\\/\",\"url\":\"https:\\\/\\\/rebelbarbers.com\\\/wp-content\\\/uploads\\\/2021\\\/09\\\/cropped-Rebel-Barbers-Logos_Mesa-de-trabajo-1-copia-3-1.png\",\"contentUrl\":\"https:\\\/\\\/rebelbarbers.com\\\/wp-content\\\/uploads\\\/2021\\\/09\\\/cropped-Rebel-Barbers-Logos_Mesa-de-trabajo-1-copia-3-1.png\",\"width\":1277,\"height\":465,\"caption\":\"Rebel Barbers &amp; Massage\"},\"image\":{\"@id\":\"https:\\\/\\\/rebelbarbers.com\\\/es\\\/#\\\/schema\\\/logo\\\/image\\\/\"}},{\"@type\":\"Person\",\"@id\":\"https:\\\/\\\/rebelbarbers.com\\\/es\\\/#\\\/schema\\\/person\\\/1d2f61eb49c969d4e303a2fc5a070887\",\"name\":\"John Brown\",\"image\":{\"@type\":\"ImageObject\",\"inLanguage\":\"es\",\"@id\":\"https:\\\/\\\/secure.gravatar.com\\\/avatar\\\/0b01119c461ec6ba41bfc12a22cd8a6639d62b2c4c51ce5744a130463ec7eb8e?s=96&d=mm&r=g\",\"url\":\"https:\\\/\\\/secure.gravatar.com\\\/avatar\\\/0b01119c461ec6ba41bfc12a22cd8a6639d62b2c4c51ce5744a130463ec7eb8e?s=96&d=mm&r=g\",\"contentUrl\":\"https:\\\/\\\/secure.gravatar.com\\\/avatar\\\/0b01119c461ec6ba41bfc12a22cd8a6639d62b2c4c51ce5744a130463ec7eb8e?s=96&d=mm&r=g\",\"caption\":\"John Brown\"},\"sameAs\":[\"http:\\\/\\\/farmerbrown.com\"]}]}<\/script>\n<!-- \/ Yoast SEO plugin. -->","yoast_head_json":{"title":"Beneficios del cuidado del cabello para hombres","description":"El cuidado del cabello no es s\u00f3lo cosa de mujeres, tambi\u00e9n los hombres pueden beneficiarse de \u00e9l. Descubre c\u00f3mo puede aumentar la autoestima y la confianza en ti mismo en este art\u00edculo.","robots":{"index":"index","follow":"follow","max-snippet":"max-snippet:-1","max-image-preview":"max-image-preview:large","max-video-preview":"max-video-preview:-1"},"canonical":"https:\/\/rebelbarbers.com\/es\/blog\/the-benefits-of-haircare-for-men-is-not-vain-to-take-care-of-yourself\/","og_locale":"es_ES","og_type":"article","og_title":"Beneficios del cuidado del cabello para hombres","og_description":"El cuidado del cabello no es s\u00f3lo cosa de mujeres, tambi\u00e9n los hombres pueden beneficiarse de \u00e9l. Descubre c\u00f3mo puede aumentar la autoestima y la confianza en ti mismo en este art\u00edculo.","og_url":"https:\/\/rebelbarbers.com\/es\/blog\/the-benefits-of-haircare-for-men-is-not-vain-to-take-care-of-yourself\/","og_site_name":"Rebel Barbers &amp; Massage","article_published_time":"2023-05-10T08:00:00+00:00","og_image":[{"width":1500,"height":1000,"url":"https:\/\/rebelbarbers.com\/wp-content\/uploads\/2023\/05\/Principal-Image-of-The-Haircare-for-Men-in-rebel-Barbers.jpg","type":"image\/jpeg"}],"author":"John Brown","twitter_card":"summary_large_image","twitter_misc":{"Escrito por":"John Brown","Tiempo de lectura":"4 minutos"},"schema":{"@context":"https:\/\/schema.org","@graph":[{"@type":"Article","@id":"https:\/\/rebelbarbers.com\/es\/blog\/the-benefits-of-haircare-for-men-is-not-vain-to-take-care-of-yourself\/#article","isPartOf":{"@id":"https:\/\/rebelbarbers.com\/es\/blog\/the-benefits-of-haircare-for-men-is-not-vain-to-take-care-of-yourself\/"},"author":{"name":"John Brown","@id":"https:\/\/rebelbarbers.com\/es\/#\/schema\/person\/1d2f61eb49c969d4e303a2fc5a070887"},"headline":"Los beneficios del cuidado del cabello para hombres: no es vano cuidarse a uno mismo","datePublished":"2023-05-10T08:00:00+00:00","mainEntityOfPage":{"@id":"https:\/\/rebelbarbers.com\/es\/blog\/the-benefits-of-haircare-for-men-is-not-vain-to-take-care-of-yourself\/"},"wordCount":798,"publisher":{"@id":"https:\/\/rebelbarbers.com\/es\/#organization"},"image":{"@id":"https:\/\/rebelbarbers.com\/es\/blog\/the-benefits-of-haircare-for-men-is-not-vain-to-take-care-of-yourself\/#primaryimage"},"thumbnailUrl":"https:\/\/rebelbarbers.com\/wp-content\/uploads\/2021\/07\/handsome-man-shaving-beard-at-barbershop-1-2-scaled.jpg","articleSection":["Cuidado del cabello","Rebel Barbers &amp; Massage"],"inLanguage":"es"},{"@type":"WebPage","@id":"https:\/\/rebelbarbers.com\/es\/blog\/the-benefits-of-haircare-for-men-is-not-vain-to-take-care-of-yourself\/","url":"https:\/\/rebelbarbers.com\/es\/blog\/the-benefits-of-haircare-for-men-is-not-vain-to-take-care-of-yourself\/","name":"Beneficios del cuidado del cabello para hombres","isPartOf":{"@id":"https:\/\/rebelbarbers.com\/es\/#website"},"primaryImageOfPage":{"@id":"https:\/\/rebelbarbers.com\/es\/blog\/the-benefits-of-haircare-for-men-is-not-vain-to-take-care-of-yourself\/#primaryimage"},"image":{"@id":"https:\/\/rebelbarbers.com\/es\/blog\/the-benefits-of-haircare-for-men-is-not-vain-to-take-care-of-yourself\/#primaryimage"},"thumbnailUrl":"https:\/\/rebelbarbers.com\/wp-content\/uploads\/2021\/07\/handsome-man-shaving-beard-at-barbershop-1-2-scaled.jpg","datePublished":"2023-05-10T08:00:00+00:00","description":"El cuidado del cabello no es s\u00f3lo cosa de mujeres, tambi\u00e9n los hombres pueden beneficiarse de \u00e9l. Descubre c\u00f3mo puede aumentar la autoestima y la confianza en ti mismo en este art\u00edculo.","breadcrumb":{"@id":"https:\/\/rebelbarbers.com\/es\/blog\/the-benefits-of-haircare-for-men-is-not-vain-to-take-care-of-yourself\/#breadcrumb"},"inLanguage":"es","potentialAction":[{"@type":"ReadAction","target":["https:\/\/rebelbarbers.com\/es\/blog\/the-benefits-of-haircare-for-men-is-not-vain-to-take-care-of-yourself\/"]}]},{"@type":"ImageObject","inLanguage":"es","@id":"https:\/\/rebelbarbers.com\/es\/blog\/the-benefits-of-haircare-for-men-is-not-vain-to-take-care-of-yourself\/#primaryimage","url":"https:\/\/rebelbarbers.com\/wp-content\/uploads\/2021\/07\/handsome-man-shaving-beard-at-barbershop-1-2-scaled.jpg","contentUrl":"https:\/\/rebelbarbers.com\/wp-content\/uploads\/2021\/07\/handsome-man-shaving-beard-at-barbershop-1-2-scaled.jpg","width":2560,"height":1706,"caption":"handsome man shaving beard at barbershop 1 2 scaled"},{"@type":"BreadcrumbList","@id":"https:\/\/rebelbarbers.com\/es\/blog\/the-benefits-of-haircare-for-men-is-not-vain-to-take-care-of-yourself\/#breadcrumb","itemListElement":[{"@type":"ListItem","position":1,"name":"Home","item":"https:\/\/rebelbarbers.com\/es\/"},{"@type":"ListItem","position":2,"name":"Los beneficios del cuidado del cabello para hombres: no es vano cuidarse a uno mismo"}]},{"@type":"WebSite","@id":"https:\/\/rebelbarbers.com\/es\/#website","url":"https:\/\/rebelbarbers.com\/es\/","name":"Rebel Barbers &amp; Massage","description":"The essential barber shop for today&#039;s men","publisher":{"@id":"https:\/\/rebelbarbers.com\/es\/#organization"},"potentialAction":[{"@type":"SearchAction","target":{"@type":"EntryPoint","urlTemplate":"https:\/\/rebelbarbers.com\/es\/?s={search_term_string}"},"query-input":{"@type":"PropertyValueSpecification","valueRequired":true,"valueName":"search_term_string"}}],"inLanguage":"es"},{"@type":"Organization","@id":"https:\/\/rebelbarbers.com\/es\/#organization","name":"Rebel Barbers &amp; Massage","url":"https:\/\/rebelbarbers.com\/es\/","logo":{"@type":"ImageObject","inLanguage":"es","@id":"https:\/\/rebelbarbers.com\/es\/#\/schema\/logo\/image\/","url":"https:\/\/rebelbarbers.com\/wp-content\/uploads\/2021\/09\/cropped-Rebel-Barbers-Logos_Mesa-de-trabajo-1-copia-3-1.png","contentUrl":"https:\/\/rebelbarbers.com\/wp-content\/uploads\/2021\/09\/cropped-Rebel-Barbers-Logos_Mesa-de-trabajo-1-copia-3-1.png","width":1277,"height":465,"caption":"Rebel Barbers &amp; Massage"},"image":{"@id":"https:\/\/rebelbarbers.com\/es\/#\/schema\/logo\/image\/"}},{"@type":"Person","@id":"https:\/\/rebelbarbers.com\/es\/#\/schema\/person\/1d2f61eb49c969d4e303a2fc5a070887","name":"John Brown","image":{"@type":"ImageObject","inLanguage":"es","@id":"https:\/\/secure.gravatar.com\/avatar\/0b01119c461ec6ba41bfc12a22cd8a6639d62b2c4c51ce5744a130463ec7eb8e?s=96&d=mm&r=g","url":"https:\/\/secure.gravatar.com\/avatar\/0b01119c461ec6ba41bfc12a22cd8a6639d62b2c4c51ce5744a130463ec7eb8e?s=96&d=mm&r=g","contentUrl":"https:\/\/secure.gravatar.com\/avatar\/0b01119c461ec6ba41bfc12a22cd8a6639d62b2c4c51ce5744a130463ec7eb8e?s=96&d=mm&r=g","caption":"John Brown"},"sameAs":["http:\/\/farmerbrown.com"]}]}},"_links":{"self":[{"href":"https:\/\/rebelbarbers.com\/es\/wp-json\/wp\/v2\/posts\/7223","targetHints":{"allow":["GET"]}}],"collection":[{"href":"https:\/\/rebelbarbers.com\/es\/wp-json\/wp\/v2\/posts"}],"about":[{"href":"https:\/\/rebelbarbers.com\/es\/wp-json\/wp\/v2\/types\/post"}],"author":[{"embeddable":true,"href":"https:\/\/rebelbarbers.com\/es\/wp-json\/wp\/v2\/users\/15"}],"replies":[{"embeddable":true,"href":"https:\/\/rebelbarbers.com\/es\/wp-json\/wp\/v2\/comments?post=7223"}],"version-history":[{"count":1,"href":"https:\/\/rebelbarbers.com\/es\/wp-json\/wp\/v2\/posts\/7223\/revisions"}],"predecessor-version":[{"id":7225,"href":"https:\/\/rebelbarbers.com\/es\/wp-json\/wp\/v2\/posts\/7223\/revisions\/7225"}],"wp:featuredmedia":[{"embeddable":true,"href":"https:\/\/rebelbarbers.com\/es\/wp-json\/wp\/v2\/media\/5472"}],"wp:attachment":[{"href":"https:\/\/rebelbarbers.com\/es\/wp-json\/wp\/v2\/media?parent=7223"}],"wp:term":[{"taxonomy":"category","embeddable":true,"href":"https:\/\/rebelbarbers.com\/es\/wp-json\/wp\/v2\/categories?post=7223"},{"taxonomy":"post_tag","embeddable":true,"href":"https:\/\/rebelbarbers.com\/es\/wp-json\/wp\/v2\/tags?post=7223"}],"curies":[{"name":"wp","href":"https:\/\/api.w.org\/{rel}","templated":true}]}}