{"id":7133,"date":"2022-11-30T10:30:00","date_gmt":"2022-11-30T10:30:00","guid":{"rendered":"https:\/\/rebelbarbers.com\/blog\/comuna-13\/"},"modified":"2022-12-11T14:07:13","modified_gmt":"2022-12-11T14:07:13","slug":"comuna-13","status":"publish","type":"post","link":"https:\/\/rebelbarbers.com\/es\/blog\/comuna-13\/","title":{"rendered":"Comuna 13"},"content":{"rendered":"\n<figure class=\"wp-block-embed is-type-video is-provider-youtube wp-block-embed-youtube wp-embed-aspect-16-9 wp-has-aspect-ratio\"><div class=\"wp-block-embed__wrapper\">\n<iframe title=\"\ud83c\udde8\ud83c\uddf4 COMUNA 13 FAVELA DISTRICT MEDELLIN COLOMBIA 2022 [FULL TOUR]\" width=\"1200\" height=\"675\" src=\"https:\/\/www.youtube.com\/embed\/H1be-t4sSfM?feature=oembed\" frameborder=\"0\" allow=\"accelerometer; autoplay; clipboard-write; encrypted-media; gyroscope; picture-in-picture\" allowfullscreen><\/iframe>\n<\/div><\/figure>\n\n\n\n<p>La Comuna 13 de Medell\u00edn es un barrio de bajos ingresos conocido como \u00abla cuna de Pablo Escobar\u00bb, que sol\u00eda estar dominado por el c\u00e1rtel de la droga. Sin embargo, los habitantes de esta comunidad, apoyados por el gobierno local, decidieron hacer un cambio y vivir de otra manera a pesar de su pasado.<\/p>\n\n\n\n<p>Hoy es un verdadero ejemplo de c\u00f3mo una comunidad puede empezar de cero y cambiar, dejando atr\u00e1s el oscuro pasado.<\/p>\n\n\n\n<p>Es un punto ideal para disfrutar de Medell\u00edn: en menos de 45 minutos en coche se llega al <a href=\"https:\/\/rebelbarbers.com\/es\/blog\/parque-explora\/\">parque Explora <\/a>o al barrio m\u00e1s tur\u00edstico de Medell\u00edn: El Poblado.<\/p>\n\n\n\n<p><a href=\"https:\/\/rebelbarbers.com\/es\/\">Sigue leyendo<\/a> para conocer la historia de esta  pintoresca comunidad, su gente y por qu\u00e9 es un lugar que no te puedes perder en Medell\u00edn.<\/p>\n\n\n\n<h2 class=\"wp-block-heading\">Historia de la Comuna 13<\/h2>\n\n\n\n<p>Es un destino tur\u00edstico por excelencia en la ciudad de Medell\u00edn. Sin embargo, lo que m\u00e1s atrae en esta comunidad es el arte callejero, teniendo un tour de Graffiti.<\/p>\n\n\n\n<p>Antes de la historia de narcotr\u00e1fico, violencia y arte callejero, Esta era una zona de campesinos en el siglo XIX.<\/p>\n\n\n\n<p>A mediados del siglo XX, fue la residencia de trabajadores de f\u00e1bricas. Durante mucho tiempo, fue una comunidad de personas con bajos ingresos. Sin embargo, d\u00e9cadas de abandono por parte del gobierno y la presi\u00f3n econ\u00f3mica llevaron a los miembros de esta comunidad a cometer actividades ilegales y delictivas. A finales de los a\u00f1os 80 y 90, era el barrio m\u00e1s peligroso de Medell\u00edn.<\/p>\n\n\n\n<p>Por desgracia, a finales del siglo XX, Comuna 13 era sin\u00f3nimo de violencia: narcotr\u00e1fico, robos, secuestros y prostituci\u00f3n.<\/p>\n\n\n\n<p>Una de las razones por las que la violencia se dispar\u00f3 aqu\u00ed, es porque que esta comunidad est\u00e1 en lo alto de una colina. As\u00ed que a los delincuentes les resultaba m\u00e1s f\u00e1cil huir de la polic\u00eda. Adem\u00e1s, las casas est\u00e1n muy juntas, siendo un escondite perfecto.<\/p>\n\n\n\n<p>La violencia nunca tiene una \u00fanica causa o soluci\u00f3n.<\/p>\n\n\n\n<p>Por un lado, los miembros de la comunidad de la Comuna 13 sufrieron un abandono total por parte del gobierno: no tuvieron acceso a la educaci\u00f3n ni al trabajo, continuando el ciclo de la pobreza. Pero, por otro lado, el narcotr\u00e1fico les permiti\u00f3 abandonar la pobreza y cubrir sus necesidades b\u00e1sicas.<\/p>\n\n\n\n<p>Por otro lado, el c\u00e1rtel de la droga y los paramilitares se hicieron con el control de la comunidad. Y como eran grupos armados, los habitantes de la Comuna 13 ten\u00edan que obedecerles.<\/p>\n\n\n\n<p>La violencia de los a\u00f1os 90 hizo que los habitantes de la Comuna 13 se acostumbraran a ella. No era raro encontrar cad\u00e1veres en la calle por la ma\u00f1ana o escuchar disparos a cualquier hora del d\u00eda. Los tiroteos eran tan habituales que los habitantes de la Comuna 13 sab\u00edan a qu\u00e9 distancia hab\u00eda gente usando armas por el sonido de las balas.<\/p>\n\n\n\n<h3 class=\"wp-block-heading\">Operaci\u00f3n Ori\u00f3n<\/h3>\n\n\n\n<p>El gobierno colombiano decidi\u00f3 poner en marcha un programa de seguridad en 2002; el plan se denomin\u00f3 Operaci\u00f3n Ori\u00f3n.<\/p>\n\n\n\n<p>El objetivo de la Operaci\u00f3n Ori\u00f3n, con la ayuda de la polic\u00eda, el ej\u00e9rcito y equipos especiales, era neutralizar el control de los paramilitares en la Comuna 13.<\/p>\n\n\n\n<p>Desgraciadamente, la operaci\u00f3n Ori\u00f3n se cobr\u00f3 vidas inocentes de civiles al lanzar bombas en las zonas controladas por la guerrilla.<\/p>\n\n\n\n<p>A pesar de las vidas inocentes, la operaci\u00f3n debilit\u00f3 el cuartel general de la guerrilla.<\/p>\n\n\n\n<h3 class=\"wp-block-heading\">El cambio de la Comuna 13<\/h3>\n\n\n\n<p>El conflicto armado entre el gobierno y la guerrilla destruy\u00f3 a esta comunidad. Todo qued\u00f3 en ruinas. Sin embargo, el gobierno colombiano invirti\u00f3 en la comunidad para reconstruirla y crear puestos de trabajo para sus habitantes.<\/p>\n\n\n\n<p>Una de las inversiones del gobierno fue el transporte; en 2007, inauguraron el telef\u00e9rico, que conecta la ciudad con la Comuna 13. En 2011, crearon escaleras mec\u00e1nicas.<\/p>\n\n\n\n<p>En 2011, crearon escaleras mec\u00e1nicas; de esta manera, el gobierno facilit\u00f3 la vida de las personas de la comunidad que antes ten\u00edan que caminar durante horas para llegar a sus hogares.<\/p>\n\n\n\n<p>Tambi\u00e9n crearon un viaducto que conectaba la Comuna 13 con otras comunas.<\/p>\n\n\n\n<p>Gracias a la inversi\u00f3n del gobierno, la delincuencia es cosa del pasado en la comunidad. Los turistas y las oportunidades de empleo se abrieron paso en la comunidad.<\/p>\n\n\n\n<h2 class=\"wp-block-heading\">Preguntas frecuentes sobre la Comuna 13<\/h2>\n\n\n\n<h3 class=\"wp-block-heading\">\u00bfPor qu\u00e9 es famosa la Comuna 13?<\/h3>\n\n\n\n<p>La Comuna 13 es famosa por ser el lugar de nacimiento de Pablo Escobar. Fue el l\u00edder del c\u00e1rtel de la droga de Medell\u00edn. Sin embargo, es una comunidad que se reconstruy\u00f3 a s\u00ed misma a pesar de un pasado reciente de violencia y lucha armada.<\/p>\n\n\n\n<h3 class=\"wp-block-heading\">\u00bfCu\u00e1nto cuesta ir?<\/h3>\n\n\n\n<p>Es relativamente barato ir a la Comuna 13. Puede usar el transporte p\u00fablico: Tome el metro o el autob\u00fas desde el centro de la ciudad y luego tome el tren cable o las escaleras mec\u00e1nicas para entrar..<\/p>\n\n\n\n<h3 class=\"wp-block-heading\">\u00bfQu\u00e9 hizo Pablo Escobar en la Comuna 13?<\/h3>\n\n\n\n<p>En los a\u00f1os 80, Pablo Escobar reclut\u00f3 a j\u00f3venes para la venta de drogas. Tiempo despu\u00e9s, construy\u00f3 200 casas para los m\u00e1s pobres de la comunidad. En su honor, el barrio Pablo Escobar le recuerda con temor y gratitud.<\/p>\n\n\n\n<h3 class=\"wp-block-heading\">\u00bfQu\u00e9 barrios se encuentran en la Comuna 13?<\/h3>\n\n\n\n<p>La Comuna 13, o San Javier, tiene los siguientes barrios:<\/p>\n\n\n\n<ul class=\"blogListLeft wp-block-list\">\n<li>San Javier N.\u00ba 1<\/li>\n\n\n\n<li>San Javier N.\u00ba 2<\/li>\n\n\n\n<li>El Pesebre<\/li>\n\n\n\n<li>Blanquizal<\/li>\n\n\n\n<li>Santa Rosa de Lima<\/li>\n\n\n\n<li>Los Alc\u00e1zares<\/li>\n\n\n\n<li>Metropolitano<\/li>\n\n\n\n<li>La Pradera<\/li>\n\n\n\n<li>Juan XXIII<\/li>\n\n\n\n<li>La Divisa<\/li>\n\n\n\n<li>Veinte de Julio<\/li>\n\n\n\n<li>Belencito<\/li>\n\n\n\n<li>Betania<\/li>\n\n\n\n<li>El Coraz\u00f3n<\/li>\n\n\n\n<li>Las Independencias<\/li>\n\n\n\n<li>Nuevos Conquistadores<\/li>\n\n\n\n<li>El Salado<\/li>\n\n\n\n<li>Eduardo Santos<\/li>\n\n\n\n<li>Pe\u00f1itas<\/li>\n\n\n\n<li>Antonio Nari\u00f1o<\/li>\n\n\n\n<li>El Socorro<\/li>\n\n\n\n<li>Calasania<\/li>\n\n\n\n<li>La Asomadera<\/li>\n<\/ul>\n\n\n\n<h3 class=\"wp-block-heading\">\u00bfEs la Comuna 13 una favela?<\/h3>\n\n\n\n<p>Favelas, que son barrios de bajos ingresos, es una palabra para describir comunidades en Brasil. Por ejemplo, Comuna 13, siguiendo la descripci\u00f3n de las favelas en Brasil, puede ser considerada una favela.<\/p>\n\n\n\n<p>Pero, \u00bfqu\u00e9 es una favela? Una favela es una comunidad construida informalmente por personas de bajos ingresos con caracter\u00edsticas casas de ladrillo.<\/p>\n\n\n\n<h3 class=\"wp-block-heading\">\u00bfSe puede visitar solo?<\/h3>\n\n\n\n<p>A pesar de ser un sitio tur\u00edstico, sigue siendo un destino tur\u00edstico que no debe ser tomado a la ligera por visitantes externos. En su lugar, recomendamos visitar la comunidad, acompa\u00f1ados de gu\u00edas locales, y en grupos.<\/p>\n\n\n\n<p>Evite mostrar prendas de alto valor, objetos de oro, ropa de marcas caras y hablar en otro idioma con personas que no formen parte del grupo.<\/p>\n\n\n\n<h3 class=\"wp-block-heading\">\u00bfVivi\u00f3 Pablo Escobar en la Comuna 13?<\/h3>\n\n\n\n<p>A\u00fan no se sabe d\u00f3nde viv\u00eda Pablo Escobar desde que era pr\u00f3fugo de la justicia. Evitaba vivir en un solo lugar. Pero sabemos que tuvo influencia y casas en la Comuna 13 durante los a\u00f1os 80 y 90.<\/p>\n\n\n\n<h3 class=\"wp-block-heading\">\u00bfRecomiendas visitar la?<\/h3>\n\n\n\n<p>A pesar de todo, recomendamos ir. Comuna 13 ejemplifica c\u00f3mo una comunidad puede cambiar y superar su oscuro pasado. Es un hermoso viaje a trav\u00e9s del arte callejero, las historias, la gente de la comunidad y una oportunidad excepcional para abrirse a una perspectiva diferente.<\/p>\n\n\n\n<h2 class=\"gb-headline gb-headline-872e9b2d gb-headline-text\">C\u00f3mo llegar desde Comuna 13 a Rebel Barbers<\/h2>\n\n\n\n<iframe src=\"https:\/\/www.google.com\/maps\/embed?pb=!1m28!1m12!1m3!1d3966.05819573786!2d-75.62062300668977!3d6.256064077040568!2m3!1f0!2f0!3f0!3m2!1i1024!2i768!4f13.1!4m13!3e0!4m5!1s0x8e4429a655c2869b%3A0xb6f1f7b6843c50f0!2sComuna%2013%2C%20San%20Javier%2C%20Medellin%2C%20Antioquia%2C%20Colombia!3m2!1d6.2556509!2d-75.61862649999999!4m5!1s0x8e44295aede0a197%3A0xfdb2aa7cfc3fd6c4!2sRebel%20Barbers%2C%20Carrera%2036%2C%20El%20Poblado%2C%20Medell%C3%ADn%2C%20Antioquia%2C%20Colombia!3m2!1d6.2092363!2d-75.5659094!5e0!3m2!1sen!2scl!4v1669152093457!5m2!1sen!2scl\" style=\"border:0;\" allowfullscreen=\"\" loading=\"lazy\" referrerpolicy=\"no-referrer-when-downgrade\" width=\"600\" height=\"450\"><\/iframe>\n\n\n\n<h2 class=\"gb-headline gb-headline-90a45417 gb-headline-text\">C\u00f3mo llegar desde la Comuna 13 al Parque Explora<\/h2>\n\n\n\n<iframe src=\"https:\/\/www.google.com\/maps\/embed?pb=!1m28!1m12!1m3!1d3965.935882979953!2d-75.56659762264479!3d6.272162000000004!2m3!1f0!2f0!3f0!3m2!1i1024!2i768!4f13.1!4m13!3e0!4m5!1s0x8e442bd61b35b135%3A0x7ac589026488978b!2sSan%20Javier%2C%20Medell%C3%ADn%2C%20San%20Javier%2C%20Medellin%2C%20Antioquia%2C%20Colombia!3m2!1d6.2556509!2d-75.61862649999999!4m5!1s0x8e4428dda70004ad%3A0x42db6a25a6fb9a31!2sExplora%20Park%2C%20Carrera%2052%2C%20Aranjuez%2C%20Medellin%2C%20Antioquia%2C%20Colombia!3m2!1d6.271081199999999!2d-75.5655602!5e0!3m2!1sen!2scl!4v1669155730180!5m2!1sen!2scl\" style=\"border:0;\" allowfullscreen=\"\" loading=\"lazy\" referrerpolicy=\"no-referrer-when-downgrade\" width=\"600\" height=\"450\"><\/iframe>\n","protected":false},"excerpt":{"rendered":"<p>La Comuna 13 de Medell\u00edn es un barrio de bajos ingresos conocido como \u00abla cuna de Pablo Escobar\u00bb, que sol\u00eda estar dominado por el c\u00e1rtel de la droga. Sin embargo, los habitantes de esta comunidad, apoyados por el gobierno local, decidieron hacer un cambio y vivir de otra manera a pesar de su pasado. Hoy &#8230; <a title=\"Comuna 13\" class=\"read-more\" href=\"https:\/\/rebelbarbers.com\/es\/blog\/comuna-13\/\" aria-label=\"Leer m\u00e1s sobre Comuna 13\">Leer m\u00e1s<\/a><\/p>\n","protected":false},"author":15,"featured_media":6862,"comment_status":"closed","ping_status":"closed","sticky":false,"template":"","format":"standard","meta":{"footnotes":""},"categories":[50],"tags":[],"class_list":["post-7133","post","type-post","status-publish","format-standard","has-post-thumbnail","hentry","category-places-of-interest-es"],"yoast_head":"<!-- This site is optimized with the Yoast SEO plugin v27.4 - https:\/\/yoast.com\/product\/yoast-seo-wordpress\/ -->\n<title>Comuna 13 - Rebel Barbers &amp; Massage<\/title>\n<meta name=\"description\" content=\"En la comuna 13 se cuenta la historia de una peque\u00f1a comunidad que pas\u00f3 de la guerra de la droga a un destino tur\u00edstico prospero y hermoso.\" \/>\n<meta name=\"robots\" content=\"index, follow, max-snippet:-1, max-image-preview:large, max-video-preview:-1\" \/>\n<link rel=\"canonical\" href=\"https:\/\/rebelbarbers.com\/es\/blog\/comuna-13\/\" \/>\n<meta property=\"og:locale\" content=\"es_ES\" \/>\n<meta property=\"og:type\" content=\"article\" \/>\n<meta property=\"og:title\" content=\"Comuna 13 - Rebel Barbers &amp; Massage\" \/>\n<meta property=\"og:description\" content=\"En la comuna 13 se cuenta la historia de una peque\u00f1a comunidad que pas\u00f3 de la guerra de la droga a un destino tur\u00edstico prospero y hermoso.\" \/>\n<meta property=\"og:url\" content=\"https:\/\/rebelbarbers.com\/es\/blog\/comuna-13\/\" \/>\n<meta property=\"og:site_name\" content=\"Rebel Barbers &amp; Massage\" \/>\n<meta property=\"article:published_time\" content=\"2022-11-30T10:30:00+00:00\" \/>\n<meta property=\"article:modified_time\" content=\"2022-12-11T14:07:13+00:00\" \/>\n<meta property=\"og:image\" content=\"https:\/\/rebelbarbers.com\/wp-content\/uploads\/2022\/11\/featured-image-Comuna-13-medellin.jpg\" \/>\n\t<meta property=\"og:image:width\" content=\"720\" \/>\n\t<meta property=\"og:image:height\" content=\"480\" \/>\n\t<meta property=\"og:image:type\" content=\"image\/jpeg\" \/>\n<meta name=\"author\" content=\"John Brown\" \/>\n<meta name=\"twitter:card\" content=\"summary_large_image\" \/>\n<meta name=\"twitter:label1\" content=\"Escrito por\" \/>\n\t<meta name=\"twitter:data1\" content=\"John Brown\" \/>\n\t<meta name=\"twitter:label2\" content=\"Tiempo de lectura\" \/>\n\t<meta name=\"twitter:data2\" content=\"5 minutos\" \/>\n<script type=\"application\/ld+json\" class=\"yoast-schema-graph\">{\"@context\":\"https:\\\/\\\/schema.org\",\"@graph\":[{\"@type\":\"Article\",\"@id\":\"https:\\\/\\\/rebelbarbers.com\\\/es\\\/blog\\\/comuna-13\\\/#article\",\"isPartOf\":{\"@id\":\"https:\\\/\\\/rebelbarbers.com\\\/es\\\/blog\\\/comuna-13\\\/\"},\"author\":{\"name\":\"John Brown\",\"@id\":\"https:\\\/\\\/rebelbarbers.com\\\/es\\\/#\\\/schema\\\/person\\\/1d2f61eb49c969d4e303a2fc5a070887\"},\"headline\":\"Comuna 13\",\"datePublished\":\"2022-11-30T10:30:00+00:00\",\"dateModified\":\"2022-12-11T14:07:13+00:00\",\"mainEntityOfPage\":{\"@id\":\"https:\\\/\\\/rebelbarbers.com\\\/es\\\/blog\\\/comuna-13\\\/\"},\"wordCount\":1198,\"publisher\":{\"@id\":\"https:\\\/\\\/rebelbarbers.com\\\/es\\\/#organization\"},\"image\":{\"@id\":\"https:\\\/\\\/rebelbarbers.com\\\/es\\\/blog\\\/comuna-13\\\/#primaryimage\"},\"thumbnailUrl\":\"https:\\\/\\\/rebelbarbers.com\\\/wp-content\\\/uploads\\\/2022\\\/11\\\/featured-image-Comuna-13-medellin.jpg\",\"articleSection\":[\"places of interest\"],\"inLanguage\":\"es\"},{\"@type\":\"WebPage\",\"@id\":\"https:\\\/\\\/rebelbarbers.com\\\/es\\\/blog\\\/comuna-13\\\/\",\"url\":\"https:\\\/\\\/rebelbarbers.com\\\/es\\\/blog\\\/comuna-13\\\/\",\"name\":\"Comuna 13 - Rebel Barbers &amp; Massage\",\"isPartOf\":{\"@id\":\"https:\\\/\\\/rebelbarbers.com\\\/es\\\/#website\"},\"primaryImageOfPage\":{\"@id\":\"https:\\\/\\\/rebelbarbers.com\\\/es\\\/blog\\\/comuna-13\\\/#primaryimage\"},\"image\":{\"@id\":\"https:\\\/\\\/rebelbarbers.com\\\/es\\\/blog\\\/comuna-13\\\/#primaryimage\"},\"thumbnailUrl\":\"https:\\\/\\\/rebelbarbers.com\\\/wp-content\\\/uploads\\\/2022\\\/11\\\/featured-image-Comuna-13-medellin.jpg\",\"datePublished\":\"2022-11-30T10:30:00+00:00\",\"dateModified\":\"2022-12-11T14:07:13+00:00\",\"description\":\"En la comuna 13 se cuenta la historia de una peque\u00f1a comunidad que pas\u00f3 de la guerra de la droga a un destino tur\u00edstico prospero y hermoso.\",\"breadcrumb\":{\"@id\":\"https:\\\/\\\/rebelbarbers.com\\\/es\\\/blog\\\/comuna-13\\\/#breadcrumb\"},\"inLanguage\":\"es\",\"potentialAction\":[{\"@type\":\"ReadAction\",\"target\":[\"https:\\\/\\\/rebelbarbers.com\\\/es\\\/blog\\\/comuna-13\\\/\"]}]},{\"@type\":\"ImageObject\",\"inLanguage\":\"es\",\"@id\":\"https:\\\/\\\/rebelbarbers.com\\\/es\\\/blog\\\/comuna-13\\\/#primaryimage\",\"url\":\"https:\\\/\\\/rebelbarbers.com\\\/wp-content\\\/uploads\\\/2022\\\/11\\\/featured-image-Comuna-13-medellin.jpg\",\"contentUrl\":\"https:\\\/\\\/rebelbarbers.com\\\/wp-content\\\/uploads\\\/2022\\\/11\\\/featured-image-Comuna-13-medellin.jpg\",\"width\":720,\"height\":480,\"caption\":\"featured image Comuna 13 medellin\"},{\"@type\":\"BreadcrumbList\",\"@id\":\"https:\\\/\\\/rebelbarbers.com\\\/es\\\/blog\\\/comuna-13\\\/#breadcrumb\",\"itemListElement\":[{\"@type\":\"ListItem\",\"position\":1,\"name\":\"Home\",\"item\":\"https:\\\/\\\/rebelbarbers.com\\\/es\\\/\"},{\"@type\":\"ListItem\",\"position\":2,\"name\":\"Comuna 13\"}]},{\"@type\":\"WebSite\",\"@id\":\"https:\\\/\\\/rebelbarbers.com\\\/es\\\/#website\",\"url\":\"https:\\\/\\\/rebelbarbers.com\\\/es\\\/\",\"name\":\"Rebel Barbers &amp; Massage\",\"description\":\"The essential barber shop for today&#039;s men\",\"publisher\":{\"@id\":\"https:\\\/\\\/rebelbarbers.com\\\/es\\\/#organization\"},\"potentialAction\":[{\"@type\":\"SearchAction\",\"target\":{\"@type\":\"EntryPoint\",\"urlTemplate\":\"https:\\\/\\\/rebelbarbers.com\\\/es\\\/?s={search_term_string}\"},\"query-input\":{\"@type\":\"PropertyValueSpecification\",\"valueRequired\":true,\"valueName\":\"search_term_string\"}}],\"inLanguage\":\"es\"},{\"@type\":\"Organization\",\"@id\":\"https:\\\/\\\/rebelbarbers.com\\\/es\\\/#organization\",\"name\":\"Rebel Barbers &amp; Massage\",\"url\":\"https:\\\/\\\/rebelbarbers.com\\\/es\\\/\",\"logo\":{\"@type\":\"ImageObject\",\"inLanguage\":\"es\",\"@id\":\"https:\\\/\\\/rebelbarbers.com\\\/es\\\/#\\\/schema\\\/logo\\\/image\\\/\",\"url\":\"https:\\\/\\\/rebelbarbers.com\\\/wp-content\\\/uploads\\\/2021\\\/09\\\/cropped-Rebel-Barbers-Logos_Mesa-de-trabajo-1-copia-3-1.png\",\"contentUrl\":\"https:\\\/\\\/rebelbarbers.com\\\/wp-content\\\/uploads\\\/2021\\\/09\\\/cropped-Rebel-Barbers-Logos_Mesa-de-trabajo-1-copia-3-1.png\",\"width\":1277,\"height\":465,\"caption\":\"Rebel Barbers &amp; Massage\"},\"image\":{\"@id\":\"https:\\\/\\\/rebelbarbers.com\\\/es\\\/#\\\/schema\\\/logo\\\/image\\\/\"}},{\"@type\":\"Person\",\"@id\":\"https:\\\/\\\/rebelbarbers.com\\\/es\\\/#\\\/schema\\\/person\\\/1d2f61eb49c969d4e303a2fc5a070887\",\"name\":\"John Brown\",\"image\":{\"@type\":\"ImageObject\",\"inLanguage\":\"es\",\"@id\":\"https:\\\/\\\/secure.gravatar.com\\\/avatar\\\/0b01119c461ec6ba41bfc12a22cd8a6639d62b2c4c51ce5744a130463ec7eb8e?s=96&d=mm&r=g\",\"url\":\"https:\\\/\\\/secure.gravatar.com\\\/avatar\\\/0b01119c461ec6ba41bfc12a22cd8a6639d62b2c4c51ce5744a130463ec7eb8e?s=96&d=mm&r=g\",\"contentUrl\":\"https:\\\/\\\/secure.gravatar.com\\\/avatar\\\/0b01119c461ec6ba41bfc12a22cd8a6639d62b2c4c51ce5744a130463ec7eb8e?s=96&d=mm&r=g\",\"caption\":\"John Brown\"},\"sameAs\":[\"http:\\\/\\\/farmerbrown.com\"]}]}<\/script>\n<!-- \/ Yoast SEO plugin. -->","yoast_head_json":{"title":"Comuna 13 - Rebel Barbers &amp; Massage","description":"En la comuna 13 se cuenta la historia de una peque\u00f1a comunidad que pas\u00f3 de la guerra de la droga a un destino tur\u00edstico prospero y hermoso.","robots":{"index":"index","follow":"follow","max-snippet":"max-snippet:-1","max-image-preview":"max-image-preview:large","max-video-preview":"max-video-preview:-1"},"canonical":"https:\/\/rebelbarbers.com\/es\/blog\/comuna-13\/","og_locale":"es_ES","og_type":"article","og_title":"Comuna 13 - Rebel Barbers &amp; Massage","og_description":"En la comuna 13 se cuenta la historia de una peque\u00f1a comunidad que pas\u00f3 de la guerra de la droga a un destino tur\u00edstico prospero y hermoso.","og_url":"https:\/\/rebelbarbers.com\/es\/blog\/comuna-13\/","og_site_name":"Rebel Barbers &amp; Massage","article_published_time":"2022-11-30T10:30:00+00:00","article_modified_time":"2022-12-11T14:07:13+00:00","og_image":[{"width":720,"height":480,"url":"https:\/\/rebelbarbers.com\/wp-content\/uploads\/2022\/11\/featured-image-Comuna-13-medellin.jpg","type":"image\/jpeg"}],"author":"John Brown","twitter_card":"summary_large_image","twitter_misc":{"Escrito por":"John Brown","Tiempo de lectura":"5 minutos"},"schema":{"@context":"https:\/\/schema.org","@graph":[{"@type":"Article","@id":"https:\/\/rebelbarbers.com\/es\/blog\/comuna-13\/#article","isPartOf":{"@id":"https:\/\/rebelbarbers.com\/es\/blog\/comuna-13\/"},"author":{"name":"John Brown","@id":"https:\/\/rebelbarbers.com\/es\/#\/schema\/person\/1d2f61eb49c969d4e303a2fc5a070887"},"headline":"Comuna 13","datePublished":"2022-11-30T10:30:00+00:00","dateModified":"2022-12-11T14:07:13+00:00","mainEntityOfPage":{"@id":"https:\/\/rebelbarbers.com\/es\/blog\/comuna-13\/"},"wordCount":1198,"publisher":{"@id":"https:\/\/rebelbarbers.com\/es\/#organization"},"image":{"@id":"https:\/\/rebelbarbers.com\/es\/blog\/comuna-13\/#primaryimage"},"thumbnailUrl":"https:\/\/rebelbarbers.com\/wp-content\/uploads\/2022\/11\/featured-image-Comuna-13-medellin.jpg","articleSection":["places of interest"],"inLanguage":"es"},{"@type":"WebPage","@id":"https:\/\/rebelbarbers.com\/es\/blog\/comuna-13\/","url":"https:\/\/rebelbarbers.com\/es\/blog\/comuna-13\/","name":"Comuna 13 - Rebel Barbers &amp; Massage","isPartOf":{"@id":"https:\/\/rebelbarbers.com\/es\/#website"},"primaryImageOfPage":{"@id":"https:\/\/rebelbarbers.com\/es\/blog\/comuna-13\/#primaryimage"},"image":{"@id":"https:\/\/rebelbarbers.com\/es\/blog\/comuna-13\/#primaryimage"},"thumbnailUrl":"https:\/\/rebelbarbers.com\/wp-content\/uploads\/2022\/11\/featured-image-Comuna-13-medellin.jpg","datePublished":"2022-11-30T10:30:00+00:00","dateModified":"2022-12-11T14:07:13+00:00","description":"En la comuna 13 se cuenta la historia de una peque\u00f1a comunidad que pas\u00f3 de la guerra de la droga a un destino tur\u00edstico prospero y hermoso.","breadcrumb":{"@id":"https:\/\/rebelbarbers.com\/es\/blog\/comuna-13\/#breadcrumb"},"inLanguage":"es","potentialAction":[{"@type":"ReadAction","target":["https:\/\/rebelbarbers.com\/es\/blog\/comuna-13\/"]}]},{"@type":"ImageObject","inLanguage":"es","@id":"https:\/\/rebelbarbers.com\/es\/blog\/comuna-13\/#primaryimage","url":"https:\/\/rebelbarbers.com\/wp-content\/uploads\/2022\/11\/featured-image-Comuna-13-medellin.jpg","contentUrl":"https:\/\/rebelbarbers.com\/wp-content\/uploads\/2022\/11\/featured-image-Comuna-13-medellin.jpg","width":720,"height":480,"caption":"featured image Comuna 13 medellin"},{"@type":"BreadcrumbList","@id":"https:\/\/rebelbarbers.com\/es\/blog\/comuna-13\/#breadcrumb","itemListElement":[{"@type":"ListItem","position":1,"name":"Home","item":"https:\/\/rebelbarbers.com\/es\/"},{"@type":"ListItem","position":2,"name":"Comuna 13"}]},{"@type":"WebSite","@id":"https:\/\/rebelbarbers.com\/es\/#website","url":"https:\/\/rebelbarbers.com\/es\/","name":"Rebel Barbers &amp; Massage","description":"The essential barber shop for today&#039;s men","publisher":{"@id":"https:\/\/rebelbarbers.com\/es\/#organization"},"potentialAction":[{"@type":"SearchAction","target":{"@type":"EntryPoint","urlTemplate":"https:\/\/rebelbarbers.com\/es\/?s={search_term_string}"},"query-input":{"@type":"PropertyValueSpecification","valueRequired":true,"valueName":"search_term_string"}}],"inLanguage":"es"},{"@type":"Organization","@id":"https:\/\/rebelbarbers.com\/es\/#organization","name":"Rebel Barbers &amp; Massage","url":"https:\/\/rebelbarbers.com\/es\/","logo":{"@type":"ImageObject","inLanguage":"es","@id":"https:\/\/rebelbarbers.com\/es\/#\/schema\/logo\/image\/","url":"https:\/\/rebelbarbers.com\/wp-content\/uploads\/2021\/09\/cropped-Rebel-Barbers-Logos_Mesa-de-trabajo-1-copia-3-1.png","contentUrl":"https:\/\/rebelbarbers.com\/wp-content\/uploads\/2021\/09\/cropped-Rebel-Barbers-Logos_Mesa-de-trabajo-1-copia-3-1.png","width":1277,"height":465,"caption":"Rebel Barbers &amp; Massage"},"image":{"@id":"https:\/\/rebelbarbers.com\/es\/#\/schema\/logo\/image\/"}},{"@type":"Person","@id":"https:\/\/rebelbarbers.com\/es\/#\/schema\/person\/1d2f61eb49c969d4e303a2fc5a070887","name":"John Brown","image":{"@type":"ImageObject","inLanguage":"es","@id":"https:\/\/secure.gravatar.com\/avatar\/0b01119c461ec6ba41bfc12a22cd8a6639d62b2c4c51ce5744a130463ec7eb8e?s=96&d=mm&r=g","url":"https:\/\/secure.gravatar.com\/avatar\/0b01119c461ec6ba41bfc12a22cd8a6639d62b2c4c51ce5744a130463ec7eb8e?s=96&d=mm&r=g","contentUrl":"https:\/\/secure.gravatar.com\/avatar\/0b01119c461ec6ba41bfc12a22cd8a6639d62b2c4c51ce5744a130463ec7eb8e?s=96&d=mm&r=g","caption":"John Brown"},"sameAs":["http:\/\/farmerbrown.com"]}]}},"_links":{"self":[{"href":"https:\/\/rebelbarbers.com\/es\/wp-json\/wp\/v2\/posts\/7133","targetHints":{"allow":["GET"]}}],"collection":[{"href":"https:\/\/rebelbarbers.com\/es\/wp-json\/wp\/v2\/posts"}],"about":[{"href":"https:\/\/rebelbarbers.com\/es\/wp-json\/wp\/v2\/types\/post"}],"author":[{"embeddable":true,"href":"https:\/\/rebelbarbers.com\/es\/wp-json\/wp\/v2\/users\/15"}],"replies":[{"embeddable":true,"href":"https:\/\/rebelbarbers.com\/es\/wp-json\/wp\/v2\/comments?post=7133"}],"version-history":[{"count":2,"href":"https:\/\/rebelbarbers.com\/es\/wp-json\/wp\/v2\/posts\/7133\/revisions"}],"predecessor-version":[{"id":7137,"href":"https:\/\/rebelbarbers.com\/es\/wp-json\/wp\/v2\/posts\/7133\/revisions\/7137"}],"wp:featuredmedia":[{"embeddable":true,"href":"https:\/\/rebelbarbers.com\/es\/wp-json\/wp\/v2\/media\/6862"}],"wp:attachment":[{"href":"https:\/\/rebelbarbers.com\/es\/wp-json\/wp\/v2\/media?parent=7133"}],"wp:term":[{"taxonomy":"category","embeddable":true,"href":"https:\/\/rebelbarbers.com\/es\/wp-json\/wp\/v2\/categories?post=7133"},{"taxonomy":"post_tag","embeddable":true,"href":"https:\/\/rebelbarbers.com\/es\/wp-json\/wp\/v2\/tags?post=7133"}],"curies":[{"name":"wp","href":"https:\/\/api.w.org\/{rel}","templated":true}]}}