{"id":6513,"date":"2022-01-21T14:42:23","date_gmt":"2022-01-21T14:42:23","guid":{"rendered":"https:\/\/rebelbarbers.com\/blog\/beard-care-routine-in-6-easy-steps\/"},"modified":"2022-04-17T18:26:37","modified_gmt":"2022-04-17T18:26:37","slug":"rutina-de-cuidado-de-la-barba-en-6-sencillos-pasos","status":"publish","type":"post","link":"https:\/\/rebelbarbers.com\/es\/blog\/rutina-de-cuidado-de-la-barba-en-6-sencillos-pasos\/","title":{"rendered":"Rutina de cuidado de la barba en 6 sencillos pasos"},"content":{"rendered":"\n<p><em>El aspecto de la barba dice mucho de un hombre, por eso mantenerla bien cuidada es importante para causar una primera impresi\u00f3n.<\/em><\/p>\n\n\n\n<p>El aspecto de la barba dice mucho de un hombre, es esencialmente su \u00abtarjeta de presentaci\u00f3n\u00bb. No hay duda de que la barba puede cambiar por completo la impresi\u00f3n de una persona, por lo que tener una rutina de cuidado de la barba es muy importante. Mantenerla cuidada y arreglada es ideal, ya que puede ayudarnos a conseguir ese trabajo que queremos o una cita con la persona que realmente nos gusta.<\/p>\n\n\n\n<p>\u00bfSab\u00edas que las bacterias de algunas barbas son similares a las que se pueden encontrar en un inodoro? Con una media de 20.000 part\u00edculas de bacterias, imagina c\u00f3mo puede afectar a su textura u olor. El cuidado de la barba, por tanto, no s\u00f3lo es importante para la apariencia, sino tambi\u00e9n para la salud.\u00a0\u00a0\u00a0<\/p>\n\n\n\n<h2 class=\"wp-block-heading\">Rutina de cuidado de la barba paso a paso<\/h2>\n\n\n\n<p>No hace falta gastar una fortuna para tener una barba incre\u00edble. En este art\u00edculo te daremos una gu\u00eda paso a paso con todo lo que debes hacer para tener una barba elegante y saludable:<\/p>\n\n\n\n<ul class=\"wp-block-list\"><li><strong>Paso 1: Lava tu barba dos veces al d\u00eda<\/strong><\/li><\/ul>\n\n\n\n<p>El vello facial est\u00e1 continuamente expuesto a las bacterias, la suciedad, la transpiraci\u00f3n y otros factores agresivos que hay en el ambiente. Por eso debes lavar tu barba con agua y jab\u00f3n por la ma\u00f1ana y por la noche.<\/p>\n\n\n\n<p>Los productos no deben ser los mismos que utilices para el cuero cabelludo, ya que los pelos tienen grosores y formas diferentes. Busca productos que ayuden a eliminar la grasa y las bacterias, estos los puedes encontrar directamente con nosotros. Cuando termines, no olvides secar bien tu barba con una toalla limpia.<\/p>\n\n\n\n<p>Para secar la barba, puedes utilizar un secador de pelo si tienes poco tiempo, pero el secado al aire es el mejor para mantener la textura sedosa.<\/p>\n\n\n\n<ul class=\"wp-block-list\"><li><strong>Paso 2: Hidratar con aceites<\/strong><\/li><\/ul>\n\n\n\n<p>Aplicar un buen aceite para barba no har\u00e1 que tu barba parezca grasienta. De hecho, es esencial utilizar un aceite o b\u00e1lsamo para dar a tu barba un aspecto sano y cuidado.<\/p>\n\n\n\n<p>Al utilizar el aceite o el b\u00e1lsamo, no s\u00f3lo estamos hidratando la barba, sino que tambi\u00e9n estamos cuidando la piel de debajo, evitando los picores y la descamaci\u00f3n.<\/p>\n\n\n\n<p>El uso de aceite o b\u00e1lsamo evita que el pelo se rompa al final. De este modo, obtendr\u00e1s una barba fuerte con un aspecto muy saludable. Te recomendamos que utilices un aceite o b\u00e1lsamo compuesto por productos naturales.<\/p>\n\n\n\n<p>Para aplicar el aceite pon 3 o 4 gotas en la palma de la mano y frota las manos. Despu\u00e9s, con el b\u00e1lsamo coge la cantidad de la punta de un dedo y haz el mismo procedimiento. Puedes masajear los productos combinados directamente sobre la piel con las yemas de los dedos.<\/p>\n\n\n\n<ul class=\"wp-block-list\"><li><strong>Paso3: Utilizar una loci\u00f3n para despu\u00e9s del afeitado<\/strong><\/li><\/ul>\n\n\n\n<p>Aunque tu barba sea larga y abundante, es esencial afeitarla y recortarla con la suficiente frecuencia para mantener el proceso de crecimiento.<\/p>\n\n\n\n<p>La piel puede irritarse durante este proceso, provocando rojeces e incluso peque\u00f1os cortes. Por esta raz\u00f3n, la loci\u00f3n para despu\u00e9s del afeitado cerrar\u00e1 los poros, adem\u00e1s de hidratar la piel. En nuestra tienda de Poblado, Medell\u00edn, hay excelentes opciones para ti, con diferentes aromas y componentes.<\/p>\n\n\n\n<ul class=\"wp-block-list\"><li><strong>Paso 4: Peina tu barba<\/strong><\/li><\/ul>\n\n\n\n<p>Para lograr un aspecto cuidado, es importante que peines tu barba cada vez que la laves. P\u00e9inala con suavidad para evitar irritaciones y rojeces. Puedes hacerlo peinando lentamente y, cuando encuentres un nudo, masaj\u00e9alo con los dedos para facilitar su trabajo. Peina de arriba a abajo y de los lados al centro.<\/p>\n\n\n\n<ul class=\"wp-block-list\"><li><strong>Paso 5: Estiliza tu barba con cera<\/strong><\/li><\/ul>\n\n\n\n<p>Una vez lavada y peinada la barba, debes peinarla con cera para darle la forma deseada y evitar que se despeine. Utilizar la cera adecuada ayuda a mantener la forma durante todo el d\u00eda y a evitar los enredos. Utiliza s\u00f3lo la cantidad de un dedo para evitar un aspecto pastoso.<\/p>\n\n\n\n<ul class=\"wp-block-list\"><li><strong>Paso 6: Consigue las herramientas adecuadas para tu rutina de cuidado de la barba<\/strong><\/li><\/ul>\n\n\n\n<p>Si te tomas en serio el cuidado de tu barba, tu kit de herramientas de ba\u00f1o deber\u00eda incluir una recortadora y una afeitadora rotativa. Algunas herramientas tienen varias funciones diferentes, lo que te permite hacer m\u00e1s de un trabajo con el mismo aparato.<\/p>\n\n\n\n<p>Tener estas herramientas en casa sin duda ahorra tiempo y dinero en comparaci\u00f3n con ir al barbero cada semana m\u00e1s o menos.<\/p>\n\n\n\n<p><strong>Visita la mejor barber\u00eda de Medell\u00edn, Rebel Barbers.<\/strong><\/p>\n\n\n\n<p>Ir a un experto siempre es una buena idea, no s\u00f3lo puedes aprender de su t\u00e9cnica, sino que tambi\u00e9n puedes sentarte y relajarte y confiar en que obtendr\u00e1s un gran look.<\/p>\n\n\n\n<p>Cada barba es diferente, por eso necesita cuidados y trucos diferentes. Es importante contar con un barbero de confianza que te ayude a trazar el dise\u00f1o. El barbero puede aconsejarte a la hora de elegir un nuevo estilo de pelo o barba en funci\u00f3n de la forma de tu cara y del look que te interesa. Te recomendamos que visites a tu barbero una vez cada dos semanas para mantener la forma y la textura de tu look.<\/p>\n\n\n\n<p><strong>Cuidar tu barba es cuidarte a ti mismo<\/strong><\/p>\n\n\n\n<p>Para conservar la limpieza, evita tocar o acariciar demasiado tu barba. Tambi\u00e9n es importante tener cuidado al comer para evitar que caigan migas de comida en ella. Adem\u00e1s, se recomienda recortar regularmente el vello alrededor de los labios para dar un aspecto r\u00e1pido pero pulido.<\/p>\n\n\n\n<p><strong>Por \u00faltimo, y quiz\u00e1s lo m\u00e1s importante, lleva tu barba con orgullo.<\/strong><\/p>\n\n\n\n<p>Dejarse crecer la barba requiere valor y dedicaci\u00f3n. La barba puede decir mucho de ti, sobre todo si no est\u00e1 bien cuidada. Por ello, queremos ofrecerte esta gu\u00eda de cuidados de la barba para ayudarte a causar la mejor impresi\u00f3n.<\/p>\n\n\n\n<p>Hay muchos estilos diferentes de barba, larga, corta, tupida, desali\u00f1ada, etc., pero independientemente del tipo de barba, una rutina de cuidado de la barba es importante para ayudar a promover el crecimiento saludable del vello y tener un aspecto cuidado.<\/p>\n\n\n\n<p>Nuestra sencilla rutina de cuidado de la barba en 6 sencillos pasos:<\/p>\n\n\n\n<ul class=\"wp-block-list\"><li>Lavar la barba dos veces al d\u00eda.<\/li><li>Hidrataci\u00f3n con aceites.<\/li><li>Utiliza una loci\u00f3n para despu\u00e9s del afeitado<\/li><li>Peinar la barba.<\/li><li>Estiliza tu barba con cera.<\/li><li>Consigue las herramientas adecuadas para tu rutina de cuidado de la barba.<\/li><\/ul>\n\n\n\n<p>Te esperamos en la <a href=\"https:\/\/rebelbarbers.com\/es\/contact\/\">mejor barber\u00eda de Medell\u00edn <\/a>y esperamos que puedas utilizar esta gu\u00eda de 6 pasos para la rutina de cuidado de la barba y compartir los resultados con nosotros.<\/p>\n","protected":false},"excerpt":{"rendered":"<p>El aspecto de la barba dice mucho de un hombre, por eso mantenerla bien cuidada es importante para causar una primera impresi\u00f3n. El aspecto de la barba dice mucho de un hombre, es esencialmente su \u00abtarjeta de presentaci\u00f3n\u00bb. No hay duda de que la barba puede cambiar por completo la impresi\u00f3n de una persona, por &#8230; <a title=\"Rutina de cuidado de la barba en 6 sencillos pasos\" class=\"read-more\" href=\"https:\/\/rebelbarbers.com\/es\/blog\/rutina-de-cuidado-de-la-barba-en-6-sencillos-pasos\/\" aria-label=\"Leer m\u00e1s sobre Rutina de cuidado de la barba en 6 sencillos pasos\">Leer m\u00e1s<\/a><\/p>\n","protected":false},"author":15,"featured_media":6277,"comment_status":"closed","ping_status":"closed","sticky":false,"template":"","format":"standard","meta":{"footnotes":""},"categories":[20],"tags":[],"class_list":["post-6513","post","type-post","status-publish","format-standard","has-post-thumbnail","hentry","category-cuidado-de-la-barba-es"],"yoast_head":"<!-- This site is optimized with the Yoast SEO plugin v27.4 - https:\/\/yoast.com\/product\/yoast-seo-wordpress\/ -->\n<title>Rutina de cuidado de la barba<\/title>\n<meta name=\"description\" content=\"Estas son las recomendaciones para una Rutina de cuidado de la barba de los perofesionales de Rebel Barbers en Medellin.\" \/>\n<meta name=\"robots\" content=\"index, follow, max-snippet:-1, max-image-preview:large, max-video-preview:-1\" \/>\n<link rel=\"canonical\" href=\"https:\/\/rebelbarbers.com\/es\/blog\/rutina-de-cuidado-de-la-barba-en-6-sencillos-pasos\/\" \/>\n<meta property=\"og:locale\" content=\"es_ES\" \/>\n<meta property=\"og:type\" content=\"article\" \/>\n<meta property=\"og:title\" content=\"Rutina de cuidado de la barba\" \/>\n<meta property=\"og:description\" content=\"Estas son las recomendaciones para una Rutina de cuidado de la barba de los perofesionales de Rebel Barbers en Medellin.\" \/>\n<meta property=\"og:url\" content=\"https:\/\/rebelbarbers.com\/es\/blog\/rutina-de-cuidado-de-la-barba-en-6-sencillos-pasos\/\" \/>\n<meta property=\"og:site_name\" content=\"Rebel Barbers &amp; Massage\" \/>\n<meta property=\"article:published_time\" content=\"2022-01-21T14:42:23+00:00\" \/>\n<meta property=\"article:modified_time\" content=\"2022-04-17T18:26:37+00:00\" \/>\n<meta property=\"og:image\" content=\"https:\/\/rebelbarbers.com\/wp-content\/uploads\/2022\/01\/1200x672-310388778-EB-MK-Beard-Imagery-11.jpg\" \/>\n\t<meta property=\"og:image:width\" content=\"1200\" \/>\n\t<meta property=\"og:image:height\" content=\"672\" \/>\n\t<meta property=\"og:image:type\" content=\"image\/jpeg\" \/>\n<meta name=\"author\" content=\"John Brown\" \/>\n<meta name=\"twitter:card\" content=\"summary_large_image\" \/>\n<meta name=\"twitter:label1\" content=\"Escrito por\" \/>\n\t<meta name=\"twitter:data1\" content=\"John Brown\" \/>\n\t<meta name=\"twitter:label2\" content=\"Tiempo de lectura\" \/>\n\t<meta name=\"twitter:data2\" content=\"5 minutos\" \/>\n<script type=\"application\/ld+json\" class=\"yoast-schema-graph\">{\"@context\":\"https:\\\/\\\/schema.org\",\"@graph\":[{\"@type\":\"Article\",\"@id\":\"https:\\\/\\\/rebelbarbers.com\\\/es\\\/blog\\\/rutina-de-cuidado-de-la-barba-en-6-sencillos-pasos\\\/#article\",\"isPartOf\":{\"@id\":\"https:\\\/\\\/rebelbarbers.com\\\/es\\\/blog\\\/rutina-de-cuidado-de-la-barba-en-6-sencillos-pasos\\\/\"},\"author\":{\"name\":\"John Brown\",\"@id\":\"https:\\\/\\\/rebelbarbers.com\\\/es\\\/#\\\/schema\\\/person\\\/1d2f61eb49c969d4e303a2fc5a070887\"},\"headline\":\"Rutina de cuidado de la barba en 6 sencillos pasos\",\"datePublished\":\"2022-01-21T14:42:23+00:00\",\"dateModified\":\"2022-04-17T18:26:37+00:00\",\"mainEntityOfPage\":{\"@id\":\"https:\\\/\\\/rebelbarbers.com\\\/es\\\/blog\\\/rutina-de-cuidado-de-la-barba-en-6-sencillos-pasos\\\/\"},\"wordCount\":1151,\"publisher\":{\"@id\":\"https:\\\/\\\/rebelbarbers.com\\\/es\\\/#organization\"},\"image\":{\"@id\":\"https:\\\/\\\/rebelbarbers.com\\\/es\\\/blog\\\/rutina-de-cuidado-de-la-barba-en-6-sencillos-pasos\\\/#primaryimage\"},\"thumbnailUrl\":\"https:\\\/\\\/rebelbarbers.com\\\/wp-content\\\/uploads\\\/2022\\\/01\\\/1200x672-310388778-EB-MK-Beard-Imagery-11.jpg\",\"articleSection\":[\"Cuidado de la barba\"],\"inLanguage\":\"es\"},{\"@type\":\"WebPage\",\"@id\":\"https:\\\/\\\/rebelbarbers.com\\\/es\\\/blog\\\/rutina-de-cuidado-de-la-barba-en-6-sencillos-pasos\\\/\",\"url\":\"https:\\\/\\\/rebelbarbers.com\\\/es\\\/blog\\\/rutina-de-cuidado-de-la-barba-en-6-sencillos-pasos\\\/\",\"name\":\"Rutina de cuidado de la barba\",\"isPartOf\":{\"@id\":\"https:\\\/\\\/rebelbarbers.com\\\/es\\\/#website\"},\"primaryImageOfPage\":{\"@id\":\"https:\\\/\\\/rebelbarbers.com\\\/es\\\/blog\\\/rutina-de-cuidado-de-la-barba-en-6-sencillos-pasos\\\/#primaryimage\"},\"image\":{\"@id\":\"https:\\\/\\\/rebelbarbers.com\\\/es\\\/blog\\\/rutina-de-cuidado-de-la-barba-en-6-sencillos-pasos\\\/#primaryimage\"},\"thumbnailUrl\":\"https:\\\/\\\/rebelbarbers.com\\\/wp-content\\\/uploads\\\/2022\\\/01\\\/1200x672-310388778-EB-MK-Beard-Imagery-11.jpg\",\"datePublished\":\"2022-01-21T14:42:23+00:00\",\"dateModified\":\"2022-04-17T18:26:37+00:00\",\"description\":\"Estas son las recomendaciones para una Rutina de cuidado de la barba de los perofesionales de Rebel Barbers en Medellin.\",\"breadcrumb\":{\"@id\":\"https:\\\/\\\/rebelbarbers.com\\\/es\\\/blog\\\/rutina-de-cuidado-de-la-barba-en-6-sencillos-pasos\\\/#breadcrumb\"},\"inLanguage\":\"es\",\"potentialAction\":[{\"@type\":\"ReadAction\",\"target\":[\"https:\\\/\\\/rebelbarbers.com\\\/es\\\/blog\\\/rutina-de-cuidado-de-la-barba-en-6-sencillos-pasos\\\/\"]}]},{\"@type\":\"ImageObject\",\"inLanguage\":\"es\",\"@id\":\"https:\\\/\\\/rebelbarbers.com\\\/es\\\/blog\\\/rutina-de-cuidado-de-la-barba-en-6-sencillos-pasos\\\/#primaryimage\",\"url\":\"https:\\\/\\\/rebelbarbers.com\\\/wp-content\\\/uploads\\\/2022\\\/01\\\/1200x672-310388778-EB-MK-Beard-Imagery-11.jpg\",\"contentUrl\":\"https:\\\/\\\/rebelbarbers.com\\\/wp-content\\\/uploads\\\/2022\\\/01\\\/1200x672-310388778-EB-MK-Beard-Imagery-11.jpg\",\"width\":1200,\"height\":672,\"caption\":\"1200x672 310388778 EB MK Beard Imagery 11\"},{\"@type\":\"BreadcrumbList\",\"@id\":\"https:\\\/\\\/rebelbarbers.com\\\/es\\\/blog\\\/rutina-de-cuidado-de-la-barba-en-6-sencillos-pasos\\\/#breadcrumb\",\"itemListElement\":[{\"@type\":\"ListItem\",\"position\":1,\"name\":\"Home\",\"item\":\"https:\\\/\\\/rebelbarbers.com\\\/es\\\/\"},{\"@type\":\"ListItem\",\"position\":2,\"name\":\"Rutina de cuidado de la barba en 6 sencillos pasos\"}]},{\"@type\":\"WebSite\",\"@id\":\"https:\\\/\\\/rebelbarbers.com\\\/es\\\/#website\",\"url\":\"https:\\\/\\\/rebelbarbers.com\\\/es\\\/\",\"name\":\"Rebel Barbers &amp; Massage\",\"description\":\"The essential barber shop for today&#039;s men\",\"publisher\":{\"@id\":\"https:\\\/\\\/rebelbarbers.com\\\/es\\\/#organization\"},\"potentialAction\":[{\"@type\":\"SearchAction\",\"target\":{\"@type\":\"EntryPoint\",\"urlTemplate\":\"https:\\\/\\\/rebelbarbers.com\\\/es\\\/?s={search_term_string}\"},\"query-input\":{\"@type\":\"PropertyValueSpecification\",\"valueRequired\":true,\"valueName\":\"search_term_string\"}}],\"inLanguage\":\"es\"},{\"@type\":\"Organization\",\"@id\":\"https:\\\/\\\/rebelbarbers.com\\\/es\\\/#organization\",\"name\":\"Rebel Barbers &amp; Massage\",\"url\":\"https:\\\/\\\/rebelbarbers.com\\\/es\\\/\",\"logo\":{\"@type\":\"ImageObject\",\"inLanguage\":\"es\",\"@id\":\"https:\\\/\\\/rebelbarbers.com\\\/es\\\/#\\\/schema\\\/logo\\\/image\\\/\",\"url\":\"https:\\\/\\\/rebelbarbers.com\\\/wp-content\\\/uploads\\\/2021\\\/09\\\/cropped-Rebel-Barbers-Logos_Mesa-de-trabajo-1-copia-3-1.png\",\"contentUrl\":\"https:\\\/\\\/rebelbarbers.com\\\/wp-content\\\/uploads\\\/2021\\\/09\\\/cropped-Rebel-Barbers-Logos_Mesa-de-trabajo-1-copia-3-1.png\",\"width\":1277,\"height\":465,\"caption\":\"Rebel Barbers &amp; Massage\"},\"image\":{\"@id\":\"https:\\\/\\\/rebelbarbers.com\\\/es\\\/#\\\/schema\\\/logo\\\/image\\\/\"}},{\"@type\":\"Person\",\"@id\":\"https:\\\/\\\/rebelbarbers.com\\\/es\\\/#\\\/schema\\\/person\\\/1d2f61eb49c969d4e303a2fc5a070887\",\"name\":\"John Brown\",\"image\":{\"@type\":\"ImageObject\",\"inLanguage\":\"es\",\"@id\":\"https:\\\/\\\/secure.gravatar.com\\\/avatar\\\/0b01119c461ec6ba41bfc12a22cd8a6639d62b2c4c51ce5744a130463ec7eb8e?s=96&d=mm&r=g\",\"url\":\"https:\\\/\\\/secure.gravatar.com\\\/avatar\\\/0b01119c461ec6ba41bfc12a22cd8a6639d62b2c4c51ce5744a130463ec7eb8e?s=96&d=mm&r=g\",\"contentUrl\":\"https:\\\/\\\/secure.gravatar.com\\\/avatar\\\/0b01119c461ec6ba41bfc12a22cd8a6639d62b2c4c51ce5744a130463ec7eb8e?s=96&d=mm&r=g\",\"caption\":\"John Brown\"},\"sameAs\":[\"http:\\\/\\\/farmerbrown.com\"]}]}<\/script>\n<!-- \/ Yoast SEO plugin. -->","yoast_head_json":{"title":"Rutina de cuidado de la barba","description":"Estas son las recomendaciones para una Rutina de cuidado de la barba de los perofesionales de Rebel Barbers en Medellin.","robots":{"index":"index","follow":"follow","max-snippet":"max-snippet:-1","max-image-preview":"max-image-preview:large","max-video-preview":"max-video-preview:-1"},"canonical":"https:\/\/rebelbarbers.com\/es\/blog\/rutina-de-cuidado-de-la-barba-en-6-sencillos-pasos\/","og_locale":"es_ES","og_type":"article","og_title":"Rutina de cuidado de la barba","og_description":"Estas son las recomendaciones para una Rutina de cuidado de la barba de los perofesionales de Rebel Barbers en Medellin.","og_url":"https:\/\/rebelbarbers.com\/es\/blog\/rutina-de-cuidado-de-la-barba-en-6-sencillos-pasos\/","og_site_name":"Rebel Barbers &amp; Massage","article_published_time":"2022-01-21T14:42:23+00:00","article_modified_time":"2022-04-17T18:26:37+00:00","og_image":[{"width":1200,"height":672,"url":"https:\/\/rebelbarbers.com\/wp-content\/uploads\/2022\/01\/1200x672-310388778-EB-MK-Beard-Imagery-11.jpg","type":"image\/jpeg"}],"author":"John Brown","twitter_card":"summary_large_image","twitter_misc":{"Escrito por":"John Brown","Tiempo de lectura":"5 minutos"},"schema":{"@context":"https:\/\/schema.org","@graph":[{"@type":"Article","@id":"https:\/\/rebelbarbers.com\/es\/blog\/rutina-de-cuidado-de-la-barba-en-6-sencillos-pasos\/#article","isPartOf":{"@id":"https:\/\/rebelbarbers.com\/es\/blog\/rutina-de-cuidado-de-la-barba-en-6-sencillos-pasos\/"},"author":{"name":"John Brown","@id":"https:\/\/rebelbarbers.com\/es\/#\/schema\/person\/1d2f61eb49c969d4e303a2fc5a070887"},"headline":"Rutina de cuidado de la barba en 6 sencillos pasos","datePublished":"2022-01-21T14:42:23+00:00","dateModified":"2022-04-17T18:26:37+00:00","mainEntityOfPage":{"@id":"https:\/\/rebelbarbers.com\/es\/blog\/rutina-de-cuidado-de-la-barba-en-6-sencillos-pasos\/"},"wordCount":1151,"publisher":{"@id":"https:\/\/rebelbarbers.com\/es\/#organization"},"image":{"@id":"https:\/\/rebelbarbers.com\/es\/blog\/rutina-de-cuidado-de-la-barba-en-6-sencillos-pasos\/#primaryimage"},"thumbnailUrl":"https:\/\/rebelbarbers.com\/wp-content\/uploads\/2022\/01\/1200x672-310388778-EB-MK-Beard-Imagery-11.jpg","articleSection":["Cuidado de la barba"],"inLanguage":"es"},{"@type":"WebPage","@id":"https:\/\/rebelbarbers.com\/es\/blog\/rutina-de-cuidado-de-la-barba-en-6-sencillos-pasos\/","url":"https:\/\/rebelbarbers.com\/es\/blog\/rutina-de-cuidado-de-la-barba-en-6-sencillos-pasos\/","name":"Rutina de cuidado de la barba","isPartOf":{"@id":"https:\/\/rebelbarbers.com\/es\/#website"},"primaryImageOfPage":{"@id":"https:\/\/rebelbarbers.com\/es\/blog\/rutina-de-cuidado-de-la-barba-en-6-sencillos-pasos\/#primaryimage"},"image":{"@id":"https:\/\/rebelbarbers.com\/es\/blog\/rutina-de-cuidado-de-la-barba-en-6-sencillos-pasos\/#primaryimage"},"thumbnailUrl":"https:\/\/rebelbarbers.com\/wp-content\/uploads\/2022\/01\/1200x672-310388778-EB-MK-Beard-Imagery-11.jpg","datePublished":"2022-01-21T14:42:23+00:00","dateModified":"2022-04-17T18:26:37+00:00","description":"Estas son las recomendaciones para una Rutina de cuidado de la barba de los perofesionales de Rebel Barbers en Medellin.","breadcrumb":{"@id":"https:\/\/rebelbarbers.com\/es\/blog\/rutina-de-cuidado-de-la-barba-en-6-sencillos-pasos\/#breadcrumb"},"inLanguage":"es","potentialAction":[{"@type":"ReadAction","target":["https:\/\/rebelbarbers.com\/es\/blog\/rutina-de-cuidado-de-la-barba-en-6-sencillos-pasos\/"]}]},{"@type":"ImageObject","inLanguage":"es","@id":"https:\/\/rebelbarbers.com\/es\/blog\/rutina-de-cuidado-de-la-barba-en-6-sencillos-pasos\/#primaryimage","url":"https:\/\/rebelbarbers.com\/wp-content\/uploads\/2022\/01\/1200x672-310388778-EB-MK-Beard-Imagery-11.jpg","contentUrl":"https:\/\/rebelbarbers.com\/wp-content\/uploads\/2022\/01\/1200x672-310388778-EB-MK-Beard-Imagery-11.jpg","width":1200,"height":672,"caption":"1200x672 310388778 EB MK Beard Imagery 11"},{"@type":"BreadcrumbList","@id":"https:\/\/rebelbarbers.com\/es\/blog\/rutina-de-cuidado-de-la-barba-en-6-sencillos-pasos\/#breadcrumb","itemListElement":[{"@type":"ListItem","position":1,"name":"Home","item":"https:\/\/rebelbarbers.com\/es\/"},{"@type":"ListItem","position":2,"name":"Rutina de cuidado de la barba en 6 sencillos pasos"}]},{"@type":"WebSite","@id":"https:\/\/rebelbarbers.com\/es\/#website","url":"https:\/\/rebelbarbers.com\/es\/","name":"Rebel Barbers &amp; Massage","description":"The essential barber shop for today&#039;s men","publisher":{"@id":"https:\/\/rebelbarbers.com\/es\/#organization"},"potentialAction":[{"@type":"SearchAction","target":{"@type":"EntryPoint","urlTemplate":"https:\/\/rebelbarbers.com\/es\/?s={search_term_string}"},"query-input":{"@type":"PropertyValueSpecification","valueRequired":true,"valueName":"search_term_string"}}],"inLanguage":"es"},{"@type":"Organization","@id":"https:\/\/rebelbarbers.com\/es\/#organization","name":"Rebel Barbers &amp; Massage","url":"https:\/\/rebelbarbers.com\/es\/","logo":{"@type":"ImageObject","inLanguage":"es","@id":"https:\/\/rebelbarbers.com\/es\/#\/schema\/logo\/image\/","url":"https:\/\/rebelbarbers.com\/wp-content\/uploads\/2021\/09\/cropped-Rebel-Barbers-Logos_Mesa-de-trabajo-1-copia-3-1.png","contentUrl":"https:\/\/rebelbarbers.com\/wp-content\/uploads\/2021\/09\/cropped-Rebel-Barbers-Logos_Mesa-de-trabajo-1-copia-3-1.png","width":1277,"height":465,"caption":"Rebel Barbers &amp; Massage"},"image":{"@id":"https:\/\/rebelbarbers.com\/es\/#\/schema\/logo\/image\/"}},{"@type":"Person","@id":"https:\/\/rebelbarbers.com\/es\/#\/schema\/person\/1d2f61eb49c969d4e303a2fc5a070887","name":"John Brown","image":{"@type":"ImageObject","inLanguage":"es","@id":"https:\/\/secure.gravatar.com\/avatar\/0b01119c461ec6ba41bfc12a22cd8a6639d62b2c4c51ce5744a130463ec7eb8e?s=96&d=mm&r=g","url":"https:\/\/secure.gravatar.com\/avatar\/0b01119c461ec6ba41bfc12a22cd8a6639d62b2c4c51ce5744a130463ec7eb8e?s=96&d=mm&r=g","contentUrl":"https:\/\/secure.gravatar.com\/avatar\/0b01119c461ec6ba41bfc12a22cd8a6639d62b2c4c51ce5744a130463ec7eb8e?s=96&d=mm&r=g","caption":"John Brown"},"sameAs":["http:\/\/farmerbrown.com"]}]}},"_links":{"self":[{"href":"https:\/\/rebelbarbers.com\/es\/wp-json\/wp\/v2\/posts\/6513","targetHints":{"allow":["GET"]}}],"collection":[{"href":"https:\/\/rebelbarbers.com\/es\/wp-json\/wp\/v2\/posts"}],"about":[{"href":"https:\/\/rebelbarbers.com\/es\/wp-json\/wp\/v2\/types\/post"}],"author":[{"embeddable":true,"href":"https:\/\/rebelbarbers.com\/es\/wp-json\/wp\/v2\/users\/15"}],"replies":[{"embeddable":true,"href":"https:\/\/rebelbarbers.com\/es\/wp-json\/wp\/v2\/comments?post=6513"}],"version-history":[{"count":2,"href":"https:\/\/rebelbarbers.com\/es\/wp-json\/wp\/v2\/posts\/6513\/revisions"}],"predecessor-version":[{"id":6516,"href":"https:\/\/rebelbarbers.com\/es\/wp-json\/wp\/v2\/posts\/6513\/revisions\/6516"}],"wp:featuredmedia":[{"embeddable":true,"href":"https:\/\/rebelbarbers.com\/es\/wp-json\/wp\/v2\/media\/6277"}],"wp:attachment":[{"href":"https:\/\/rebelbarbers.com\/es\/wp-json\/wp\/v2\/media?parent=6513"}],"wp:term":[{"taxonomy":"category","embeddable":true,"href":"https:\/\/rebelbarbers.com\/es\/wp-json\/wp\/v2\/categories?post=6513"},{"taxonomy":"post_tag","embeddable":true,"href":"https:\/\/rebelbarbers.com\/es\/wp-json\/wp\/v2\/tags?post=6513"}],"curies":[{"name":"wp","href":"https:\/\/api.w.org\/{rel}","templated":true}]}}