{"id":5806,"date":"2021-08-05T20:17:10","date_gmt":"2021-08-05T20:17:10","guid":{"rendered":"https:\/\/rebelbarbers.com\/blog\/learn-about-the-history-of-barbershops-and-why-rebel-barbers-is-in-your-city-poblado-medellin\/"},"modified":"2022-01-06T15:43:49","modified_gmt":"2022-01-06T15:43:49","slug":"learn-about-the-history-of-barbershops-and-why-rebel-barbers-is-in-your-city-poblado-medellin","status":"publish","type":"post","link":"https:\/\/rebelbarbers.com\/es\/blog\/learn-about-the-history-of-barbershops-and-why-rebel-barbers-is-in-your-city-poblado-medellin\/","title":{"rendered":"Conoce la historia de las barber\u00edas y \u00bfPor qu\u00e9? Rebel Barbers est\u00e1 en tu ciudad: El Poblado, Medell\u00edn"},"content":{"rendered":"\n<p>Las barber\u00edas, al igual que sus clientes, han sufrido grandes cambios a lo largo del tiempo. De ser un espacio en el pasado en el que lo primero era la rapidez y la eficacia, a convertirse en un templo de la tranquilidad y la relajaci\u00f3n donde se crean los estilos y las barbas masculinas m\u00e1s codiciadas.<\/p>\n\n\n\n<p>Las barber\u00edas de lujo actuales, como Rebel Barbers, apuestan por las exigencias de los estilos m\u00e1s intrincados, incluyendo dise\u00f1os innovadores, nuevas herramientas y los mejores productos. Las barber\u00edas de lujo aportan incluso la opulencia de los bares m\u00e1s sofisticados a este nuevo entorno del cuidado masculino. Si te has interesado por el arreglo de la barba y quieres saber m\u00e1s sobre la evoluci\u00f3n de las barber\u00edas, \u00a1no querr\u00e1s perderte este art\u00edculo!<\/p>\n\n\n\n<p>Rebel Barbers se encuentra en una de las ciudades m\u00e1s bellas y coloridas de Colombia. Somos la barber\u00eda n\u00famero 1 en El Poblado, Medell\u00edn, porque tenemos un incre\u00edble servicio orientado al cliente con un personal espec\u00edficamente capacitado en el arte del arreglo de la barba.<\/p>\n\n\n\n<h2 class=\"wp-block-heading\"><strong>Historia de la barber\u00eda<\/strong><\/h2>\n\n\n\n<p><strong><em>Hoy las conocemos como barber\u00edas, pero&#8230; \u00bfc\u00f3mo surgieron?<\/em><\/strong><\/p>\n\n\n\n<p>Hoy en d\u00eda el arreglo y cuidado de la barba han cobrado relevancia debido al creciente mercado lleno de clientes cautivados que, adem\u00e1s de elegir la barba como opci\u00f3n est\u00e9tica, la utilizan como se\u00f1a de identidad.<\/p>\n\n\n\n<p>Pero, \u00bfsabe c\u00f3mo surgi\u00f3 la primera barber\u00eda? Hace m\u00e1s de dos millones de a\u00f1os, en plena Edad de Piedra, alguien decidi\u00f3 empezar a afeitarse utilizando \u00fanicamente una piedra afilada. Esta t\u00e9cnica rudimentaria, aunque probablemente se inici\u00f3 por necesidad, acab\u00f3 encendiendo la llama que con el tiempo crear\u00eda nuestra cultura actual obsesionada con el arreglo de la barba.&nbsp; El oficio de barbero se remonta a la \u00e9poca de los faraones, cuando tanto los sacerdotes como algunos miembros de las familias reales acud\u00edan a los barberos para que les ayudaran a estar presentables. Diversas civilizaciones empezaron a ver la barba como un s\u00edmbolo de respeto, estatus y fortaleza.<\/p>\n\n\n\n<p>Este importante comienzo de la historia de la barber\u00eda antigua se refleja en la Biblia. Se nos dice que todo hombre que se presentaba ante el Fara\u00f3n ten\u00eda que ser atendido primero por un barbero para evitar ofender al rey con una cara \u00absucia\u00bb.<\/p>\n\n\n\n<p>Sin embargo, fueron los romanos quienes se encargaron de profesionalizar la industria de la belleza. Como la barba de los soldados romanos pod\u00eda ser f\u00e1cilmente agarrada durante las batallas, dejaba a los guerreros vulnerables ante su enemigo y a menudo ten\u00eda un final tr\u00e1gico. La gente pronto se dio cuenta de la importancia del cuidado de la barba, no s\u00f3lo por su aspecto sino por su supervivencia, y la industria despeg\u00f3.<\/p>\n\n\n\n<p>No pasaron otros cientos de a\u00f1os hasta que se produjo otro gran cambio en la barber\u00eda. Los a\u00f1os 30 trajeron una nueva ola de belleza y los hombres empezaron a lucir estilos centrados principalmente en el vello facial. As\u00ed, los barberos volvieron a ser incre\u00edblemente populares.<\/p>\n\n\n\n<p>El desarrollo de la barber\u00eda moderna empez\u00f3 a tomar forma entre los a\u00f1os 30 y los 60, cuando estos establecimientos se convirtieron en una especie de culto para muchos hombres que decid\u00edan lucir un estilo diferente.<\/p>\n\n\n\n<h3 class=\"wp-block-heading\"><strong>Entonces, \u00bfqu\u00e9 es una barber\u00eda hoy en d\u00eda?<\/strong><\/h3>\n\n\n\n<p>La historia de la barber\u00eda desde sus inicios hasta la actualidad est\u00e1 orientada a servir a los hombres para mejorar su aspecto personal, pero \u00bfqu\u00e9 es exactamente una barber\u00eda hoy en d\u00eda?<\/p>\n\n\n\n<p>Las barber\u00edas de hoy en d\u00eda van m\u00e1s all\u00e1 del concepto anticuado de s\u00f3lo peinados sencillos y arreglo de la barba. Las barber\u00edas actuales ofrecen una incre\u00edble gama de servicios, desde cortes cl\u00e1sicos hasta tratamientos faciales.&nbsp; Adem\u00e1s, algunas barber\u00edas de lujo van mucho m\u00e1s all\u00e1 del sector de la belleza al incorporar espacios como un bar o una sala de billar. En una barber\u00eda de lujo se tienen en cuenta todos los detalles del dise\u00f1o.&nbsp; La mezcla de la vieja escuela con los tonos modernos crea un estilo que resulta familiar y c\u00f3modo, pero incre\u00edblemente lujoso.<\/p>\n\n\n\n<p>Por lo tanto, el concepto de barber\u00eda ha evolucionado m\u00e1s all\u00e1 del punto de un garaje con s\u00f3lo lo b\u00e1sico a un entorno especialmente dise\u00f1ado centrado en la comodidad y la afluencia. Las barber\u00edas ya no se limitan a ser un lugar al que se acude s\u00f3lo para cortarse el pelo, sino un lugar para evadirse de la vida cotidiana, donde sentirse a gusto y pasar un buen rato. En Rebel Barbers, ubicada en El Poblado de Medell\u00edn, no s\u00f3lo encontrar\u00e1s un bonito dise\u00f1o, sino que nos centramos en ofrecer una experiencia \u00fanica a los clientes, algo que les haga querer volver y quedarse.<\/p>\n\n\n\n<h3 class=\"wp-block-heading\"><strong>\u00bfCu\u00e1l es la diferencia entre las barber\u00edas cl\u00e1sicas y las modernas?<\/strong><\/h3>\n\n\n\n<p>Para aclarar a\u00fan m\u00e1s las diferencias entre las dos definiciones de barber\u00eda, a continuaci\u00f3n, se explica un poco m\u00e1s c\u00f3mo ha evolucionado la historia de la barber\u00eda hasta ahora.<\/p>\n\n\n\n<p>Como ya hemos mencionado, la barber\u00eda y peluquer\u00eda tradicional es un concepto en el que se atiende espec\u00edficamente al cliente para cortarle la barba o el pelo o darle forma. La barber\u00eda moderna debe incluir tambi\u00e9n los siguientes aspectos<\/p>\n\n\n\n<p>Espacio de recreo para entretener a los clientes y visitantes.<\/p>\n\n\n\n<p>Una barra de bebidas para satisfacer las necesidades del cliente.<\/p>\n\n\n\n<p>Un servicio de asesoramiento para cada cliente.<\/p>\n\n\n\n<p>Es por esto que las barber\u00edas siguen apareciendo en todas las ciudades para recrear el cuidado del hombre de hoy, no lo dudes si est\u00e1s en Poblado, Medell\u00edn, nosotros y nuestro equipo estamos listos para ayudarte.<\/p>\n\n\n\n<p>Es importante crear confianza, dar simpat\u00eda. Este es el sello de las nuevas barber\u00edas, que aseguran un perfecto servicio y asesoramiento, y adem\u00e1s priorizan la comodidad del cliente. Las barber\u00edas actuales no s\u00f3lo integran el espacio para el aseo de la barba, sino que tambi\u00e9n suelen ofrecer m\u00e1s espacio para muchas otras actividades de ocio, como un refrescante bar o una lujosa mesa de billar.<\/p>\n","protected":false},"excerpt":{"rendered":"<p>Las barber\u00edas, al igual que sus clientes, han sufrido grandes cambios a lo largo del tiempo. De ser un espacio en el pasado en el que lo primero era la rapidez y la eficacia, a convertirse en un templo de la tranquilidad y la relajaci\u00f3n donde se crean los estilos y las barbas masculinas m\u00e1s &#8230; <a title=\"Conoce la historia de las barber\u00edas y \u00bfPor qu\u00e9? Rebel Barbers est\u00e1 en tu ciudad: El Poblado, Medell\u00edn\" class=\"read-more\" href=\"https:\/\/rebelbarbers.com\/es\/blog\/learn-about-the-history-of-barbershops-and-why-rebel-barbers-is-in-your-city-poblado-medellin\/\" aria-label=\"Leer m\u00e1s sobre Conoce la historia de las barber\u00edas y \u00bfPor qu\u00e9? Rebel Barbers est\u00e1 en tu ciudad: El Poblado, Medell\u00edn\">Leer m\u00e1s<\/a><\/p>\n","protected":false},"author":15,"featured_media":5645,"comment_status":"closed","ping_status":"closed","sticky":false,"template":"","format":"standard","meta":{"footnotes":""},"categories":[10],"tags":[],"class_list":["post-5806","post","type-post","status-publish","format-standard","has-post-thumbnail","hentry","category-rebel-barbers-massage"],"yoast_head":"<!-- This site is optimized with the Yoast SEO plugin v27.4 - https:\/\/yoast.com\/product\/yoast-seo-wordpress\/ -->\n<title>Conoce la historia de las barber\u00edas y \u00bfPor qu\u00e9? Rebel Barbers est\u00e1 en tu ciudad: El Poblado, Medell\u00edn<\/title>\n<meta name=\"description\" content=\"Today&#039;s barbershops not only integrate the beard grooming space but also tend to offer more space for many other leisure activities, such as a refreshing bar .\" \/>\n<meta name=\"robots\" content=\"index, follow, max-snippet:-1, max-image-preview:large, max-video-preview:-1\" \/>\n<link rel=\"canonical\" href=\"https:\/\/rebelbarbers.com\/es\/blog\/learn-about-the-history-of-barbershops-and-why-rebel-barbers-is-in-your-city-poblado-medellin\/\" \/>\n<meta property=\"og:locale\" content=\"es_ES\" \/>\n<meta property=\"og:type\" content=\"article\" \/>\n<meta property=\"og:title\" content=\"Conoce la historia de las barber\u00edas y \u00bfPor qu\u00e9? Rebel Barbers est\u00e1 en tu ciudad: El Poblado, Medell\u00edn\" \/>\n<meta property=\"og:description\" content=\"Today&#039;s barbershops not only integrate the beard grooming space but also tend to offer more space for many other leisure activities, such as a refreshing bar .\" \/>\n<meta property=\"og:url\" content=\"https:\/\/rebelbarbers.com\/es\/blog\/learn-about-the-history-of-barbershops-and-why-rebel-barbers-is-in-your-city-poblado-medellin\/\" \/>\n<meta property=\"og:site_name\" content=\"Rebel Barbers &amp; Massage\" \/>\n<meta property=\"article:published_time\" content=\"2021-08-05T20:17:10+00:00\" \/>\n<meta property=\"article:modified_time\" content=\"2022-01-06T15:43:49+00:00\" \/>\n<meta property=\"og:image\" content=\"https:\/\/rebelbarbers.com\/wp-content\/uploads\/2021\/08\/stylish-man-sitting-in-barbershop-1.jpg\" \/>\n\t<meta property=\"og:image:width\" content=\"1000\" \/>\n\t<meta property=\"og:image:height\" content=\"667\" \/>\n\t<meta property=\"og:image:type\" content=\"image\/jpeg\" \/>\n<meta name=\"author\" content=\"John Brown\" \/>\n<meta name=\"twitter:card\" content=\"summary_large_image\" \/>\n<meta name=\"twitter:label1\" content=\"Escrito por\" \/>\n\t<meta name=\"twitter:data1\" content=\"John Brown\" \/>\n\t<meta name=\"twitter:label2\" content=\"Tiempo de lectura\" \/>\n\t<meta name=\"twitter:data2\" content=\"5 minutos\" \/>\n<script type=\"application\/ld+json\" class=\"yoast-schema-graph\">{\"@context\":\"https:\\\/\\\/schema.org\",\"@graph\":[{\"@type\":\"Article\",\"@id\":\"https:\\\/\\\/rebelbarbers.com\\\/es\\\/blog\\\/learn-about-the-history-of-barbershops-and-why-rebel-barbers-is-in-your-city-poblado-medellin\\\/#article\",\"isPartOf\":{\"@id\":\"https:\\\/\\\/rebelbarbers.com\\\/es\\\/blog\\\/learn-about-the-history-of-barbershops-and-why-rebel-barbers-is-in-your-city-poblado-medellin\\\/\"},\"author\":{\"name\":\"John Brown\",\"@id\":\"https:\\\/\\\/rebelbarbers.com\\\/es\\\/#\\\/schema\\\/person\\\/1d2f61eb49c969d4e303a2fc5a070887\"},\"headline\":\"Conoce la historia de las barber\u00edas y \u00bfPor qu\u00e9? Rebel Barbers est\u00e1 en tu ciudad: El Poblado, Medell\u00edn\",\"datePublished\":\"2021-08-05T20:17:10+00:00\",\"dateModified\":\"2022-01-06T15:43:49+00:00\",\"mainEntityOfPage\":{\"@id\":\"https:\\\/\\\/rebelbarbers.com\\\/es\\\/blog\\\/learn-about-the-history-of-barbershops-and-why-rebel-barbers-is-in-your-city-poblado-medellin\\\/\"},\"wordCount\":1094,\"publisher\":{\"@id\":\"https:\\\/\\\/rebelbarbers.com\\\/es\\\/#organization\"},\"image\":{\"@id\":\"https:\\\/\\\/rebelbarbers.com\\\/es\\\/blog\\\/learn-about-the-history-of-barbershops-and-why-rebel-barbers-is-in-your-city-poblado-medellin\\\/#primaryimage\"},\"thumbnailUrl\":\"https:\\\/\\\/rebelbarbers.com\\\/wp-content\\\/uploads\\\/2021\\\/08\\\/stylish-man-sitting-in-barbershop-1.jpg\",\"articleSection\":[\"Rebel Barbers &amp; Massage\"],\"inLanguage\":\"es\"},{\"@type\":\"WebPage\",\"@id\":\"https:\\\/\\\/rebelbarbers.com\\\/es\\\/blog\\\/learn-about-the-history-of-barbershops-and-why-rebel-barbers-is-in-your-city-poblado-medellin\\\/\",\"url\":\"https:\\\/\\\/rebelbarbers.com\\\/es\\\/blog\\\/learn-about-the-history-of-barbershops-and-why-rebel-barbers-is-in-your-city-poblado-medellin\\\/\",\"name\":\"Conoce la historia de las barber\u00edas y \u00bfPor qu\u00e9? Rebel Barbers est\u00e1 en tu ciudad: El Poblado, Medell\u00edn\",\"isPartOf\":{\"@id\":\"https:\\\/\\\/rebelbarbers.com\\\/es\\\/#website\"},\"primaryImageOfPage\":{\"@id\":\"https:\\\/\\\/rebelbarbers.com\\\/es\\\/blog\\\/learn-about-the-history-of-barbershops-and-why-rebel-barbers-is-in-your-city-poblado-medellin\\\/#primaryimage\"},\"image\":{\"@id\":\"https:\\\/\\\/rebelbarbers.com\\\/es\\\/blog\\\/learn-about-the-history-of-barbershops-and-why-rebel-barbers-is-in-your-city-poblado-medellin\\\/#primaryimage\"},\"thumbnailUrl\":\"https:\\\/\\\/rebelbarbers.com\\\/wp-content\\\/uploads\\\/2021\\\/08\\\/stylish-man-sitting-in-barbershop-1.jpg\",\"datePublished\":\"2021-08-05T20:17:10+00:00\",\"dateModified\":\"2022-01-06T15:43:49+00:00\",\"description\":\"Today's barbershops not only integrate the beard grooming space but also tend to offer more space for many other leisure activities, such as a refreshing bar .\",\"breadcrumb\":{\"@id\":\"https:\\\/\\\/rebelbarbers.com\\\/es\\\/blog\\\/learn-about-the-history-of-barbershops-and-why-rebel-barbers-is-in-your-city-poblado-medellin\\\/#breadcrumb\"},\"inLanguage\":\"es\",\"potentialAction\":[{\"@type\":\"ReadAction\",\"target\":[\"https:\\\/\\\/rebelbarbers.com\\\/es\\\/blog\\\/learn-about-the-history-of-barbershops-and-why-rebel-barbers-is-in-your-city-poblado-medellin\\\/\"]}]},{\"@type\":\"ImageObject\",\"inLanguage\":\"es\",\"@id\":\"https:\\\/\\\/rebelbarbers.com\\\/es\\\/blog\\\/learn-about-the-history-of-barbershops-and-why-rebel-barbers-is-in-your-city-poblado-medellin\\\/#primaryimage\",\"url\":\"https:\\\/\\\/rebelbarbers.com\\\/wp-content\\\/uploads\\\/2021\\\/08\\\/stylish-man-sitting-in-barbershop-1.jpg\",\"contentUrl\":\"https:\\\/\\\/rebelbarbers.com\\\/wp-content\\\/uploads\\\/2021\\\/08\\\/stylish-man-sitting-in-barbershop-1.jpg\",\"width\":1000,\"height\":667,\"caption\":\"stylish man sitting in barbershop 1\"},{\"@type\":\"BreadcrumbList\",\"@id\":\"https:\\\/\\\/rebelbarbers.com\\\/es\\\/blog\\\/learn-about-the-history-of-barbershops-and-why-rebel-barbers-is-in-your-city-poblado-medellin\\\/#breadcrumb\",\"itemListElement\":[{\"@type\":\"ListItem\",\"position\":1,\"name\":\"Home\",\"item\":\"https:\\\/\\\/rebelbarbers.com\\\/es\\\/\"},{\"@type\":\"ListItem\",\"position\":2,\"name\":\"Conoce la historia de las barber\u00edas y \u00bfPor qu\u00e9? Rebel Barbers est\u00e1 en tu ciudad: El Poblado, Medell\u00edn\"}]},{\"@type\":\"WebSite\",\"@id\":\"https:\\\/\\\/rebelbarbers.com\\\/es\\\/#website\",\"url\":\"https:\\\/\\\/rebelbarbers.com\\\/es\\\/\",\"name\":\"Rebel Barbers &amp; Massage\",\"description\":\"The essential barber shop for today&#039;s men\",\"publisher\":{\"@id\":\"https:\\\/\\\/rebelbarbers.com\\\/es\\\/#organization\"},\"potentialAction\":[{\"@type\":\"SearchAction\",\"target\":{\"@type\":\"EntryPoint\",\"urlTemplate\":\"https:\\\/\\\/rebelbarbers.com\\\/es\\\/?s={search_term_string}\"},\"query-input\":{\"@type\":\"PropertyValueSpecification\",\"valueRequired\":true,\"valueName\":\"search_term_string\"}}],\"inLanguage\":\"es\"},{\"@type\":\"Organization\",\"@id\":\"https:\\\/\\\/rebelbarbers.com\\\/es\\\/#organization\",\"name\":\"Rebel Barbers &amp; Massage\",\"url\":\"https:\\\/\\\/rebelbarbers.com\\\/es\\\/\",\"logo\":{\"@type\":\"ImageObject\",\"inLanguage\":\"es\",\"@id\":\"https:\\\/\\\/rebelbarbers.com\\\/es\\\/#\\\/schema\\\/logo\\\/image\\\/\",\"url\":\"https:\\\/\\\/rebelbarbers.com\\\/wp-content\\\/uploads\\\/2021\\\/09\\\/cropped-Rebel-Barbers-Logos_Mesa-de-trabajo-1-copia-3-1.png\",\"contentUrl\":\"https:\\\/\\\/rebelbarbers.com\\\/wp-content\\\/uploads\\\/2021\\\/09\\\/cropped-Rebel-Barbers-Logos_Mesa-de-trabajo-1-copia-3-1.png\",\"width\":1277,\"height\":465,\"caption\":\"Rebel Barbers &amp; Massage\"},\"image\":{\"@id\":\"https:\\\/\\\/rebelbarbers.com\\\/es\\\/#\\\/schema\\\/logo\\\/image\\\/\"}},{\"@type\":\"Person\",\"@id\":\"https:\\\/\\\/rebelbarbers.com\\\/es\\\/#\\\/schema\\\/person\\\/1d2f61eb49c969d4e303a2fc5a070887\",\"name\":\"John Brown\",\"image\":{\"@type\":\"ImageObject\",\"inLanguage\":\"es\",\"@id\":\"https:\\\/\\\/secure.gravatar.com\\\/avatar\\\/0b01119c461ec6ba41bfc12a22cd8a6639d62b2c4c51ce5744a130463ec7eb8e?s=96&d=mm&r=g\",\"url\":\"https:\\\/\\\/secure.gravatar.com\\\/avatar\\\/0b01119c461ec6ba41bfc12a22cd8a6639d62b2c4c51ce5744a130463ec7eb8e?s=96&d=mm&r=g\",\"contentUrl\":\"https:\\\/\\\/secure.gravatar.com\\\/avatar\\\/0b01119c461ec6ba41bfc12a22cd8a6639d62b2c4c51ce5744a130463ec7eb8e?s=96&d=mm&r=g\",\"caption\":\"John Brown\"},\"sameAs\":[\"http:\\\/\\\/farmerbrown.com\"]}]}<\/script>\n<!-- \/ Yoast SEO plugin. -->","yoast_head_json":{"title":"Conoce la historia de las barber\u00edas y \u00bfPor qu\u00e9? Rebel Barbers est\u00e1 en tu ciudad: El Poblado, Medell\u00edn","description":"Today's barbershops not only integrate the beard grooming space but also tend to offer more space for many other leisure activities, such as a refreshing bar .","robots":{"index":"index","follow":"follow","max-snippet":"max-snippet:-1","max-image-preview":"max-image-preview:large","max-video-preview":"max-video-preview:-1"},"canonical":"https:\/\/rebelbarbers.com\/es\/blog\/learn-about-the-history-of-barbershops-and-why-rebel-barbers-is-in-your-city-poblado-medellin\/","og_locale":"es_ES","og_type":"article","og_title":"Conoce la historia de las barber\u00edas y \u00bfPor qu\u00e9? Rebel Barbers est\u00e1 en tu ciudad: El Poblado, Medell\u00edn","og_description":"Today's barbershops not only integrate the beard grooming space but also tend to offer more space for many other leisure activities, such as a refreshing bar .","og_url":"https:\/\/rebelbarbers.com\/es\/blog\/learn-about-the-history-of-barbershops-and-why-rebel-barbers-is-in-your-city-poblado-medellin\/","og_site_name":"Rebel Barbers &amp; Massage","article_published_time":"2021-08-05T20:17:10+00:00","article_modified_time":"2022-01-06T15:43:49+00:00","og_image":[{"width":1000,"height":667,"url":"https:\/\/rebelbarbers.com\/wp-content\/uploads\/2021\/08\/stylish-man-sitting-in-barbershop-1.jpg","type":"image\/jpeg"}],"author":"John Brown","twitter_card":"summary_large_image","twitter_misc":{"Escrito por":"John Brown","Tiempo de lectura":"5 minutos"},"schema":{"@context":"https:\/\/schema.org","@graph":[{"@type":"Article","@id":"https:\/\/rebelbarbers.com\/es\/blog\/learn-about-the-history-of-barbershops-and-why-rebel-barbers-is-in-your-city-poblado-medellin\/#article","isPartOf":{"@id":"https:\/\/rebelbarbers.com\/es\/blog\/learn-about-the-history-of-barbershops-and-why-rebel-barbers-is-in-your-city-poblado-medellin\/"},"author":{"name":"John Brown","@id":"https:\/\/rebelbarbers.com\/es\/#\/schema\/person\/1d2f61eb49c969d4e303a2fc5a070887"},"headline":"Conoce la historia de las barber\u00edas y \u00bfPor qu\u00e9? Rebel Barbers est\u00e1 en tu ciudad: El Poblado, Medell\u00edn","datePublished":"2021-08-05T20:17:10+00:00","dateModified":"2022-01-06T15:43:49+00:00","mainEntityOfPage":{"@id":"https:\/\/rebelbarbers.com\/es\/blog\/learn-about-the-history-of-barbershops-and-why-rebel-barbers-is-in-your-city-poblado-medellin\/"},"wordCount":1094,"publisher":{"@id":"https:\/\/rebelbarbers.com\/es\/#organization"},"image":{"@id":"https:\/\/rebelbarbers.com\/es\/blog\/learn-about-the-history-of-barbershops-and-why-rebel-barbers-is-in-your-city-poblado-medellin\/#primaryimage"},"thumbnailUrl":"https:\/\/rebelbarbers.com\/wp-content\/uploads\/2021\/08\/stylish-man-sitting-in-barbershop-1.jpg","articleSection":["Rebel Barbers &amp; Massage"],"inLanguage":"es"},{"@type":"WebPage","@id":"https:\/\/rebelbarbers.com\/es\/blog\/learn-about-the-history-of-barbershops-and-why-rebel-barbers-is-in-your-city-poblado-medellin\/","url":"https:\/\/rebelbarbers.com\/es\/blog\/learn-about-the-history-of-barbershops-and-why-rebel-barbers-is-in-your-city-poblado-medellin\/","name":"Conoce la historia de las barber\u00edas y \u00bfPor qu\u00e9? Rebel Barbers est\u00e1 en tu ciudad: El Poblado, Medell\u00edn","isPartOf":{"@id":"https:\/\/rebelbarbers.com\/es\/#website"},"primaryImageOfPage":{"@id":"https:\/\/rebelbarbers.com\/es\/blog\/learn-about-the-history-of-barbershops-and-why-rebel-barbers-is-in-your-city-poblado-medellin\/#primaryimage"},"image":{"@id":"https:\/\/rebelbarbers.com\/es\/blog\/learn-about-the-history-of-barbershops-and-why-rebel-barbers-is-in-your-city-poblado-medellin\/#primaryimage"},"thumbnailUrl":"https:\/\/rebelbarbers.com\/wp-content\/uploads\/2021\/08\/stylish-man-sitting-in-barbershop-1.jpg","datePublished":"2021-08-05T20:17:10+00:00","dateModified":"2022-01-06T15:43:49+00:00","description":"Today's barbershops not only integrate the beard grooming space but also tend to offer more space for many other leisure activities, such as a refreshing bar .","breadcrumb":{"@id":"https:\/\/rebelbarbers.com\/es\/blog\/learn-about-the-history-of-barbershops-and-why-rebel-barbers-is-in-your-city-poblado-medellin\/#breadcrumb"},"inLanguage":"es","potentialAction":[{"@type":"ReadAction","target":["https:\/\/rebelbarbers.com\/es\/blog\/learn-about-the-history-of-barbershops-and-why-rebel-barbers-is-in-your-city-poblado-medellin\/"]}]},{"@type":"ImageObject","inLanguage":"es","@id":"https:\/\/rebelbarbers.com\/es\/blog\/learn-about-the-history-of-barbershops-and-why-rebel-barbers-is-in-your-city-poblado-medellin\/#primaryimage","url":"https:\/\/rebelbarbers.com\/wp-content\/uploads\/2021\/08\/stylish-man-sitting-in-barbershop-1.jpg","contentUrl":"https:\/\/rebelbarbers.com\/wp-content\/uploads\/2021\/08\/stylish-man-sitting-in-barbershop-1.jpg","width":1000,"height":667,"caption":"stylish man sitting in barbershop 1"},{"@type":"BreadcrumbList","@id":"https:\/\/rebelbarbers.com\/es\/blog\/learn-about-the-history-of-barbershops-and-why-rebel-barbers-is-in-your-city-poblado-medellin\/#breadcrumb","itemListElement":[{"@type":"ListItem","position":1,"name":"Home","item":"https:\/\/rebelbarbers.com\/es\/"},{"@type":"ListItem","position":2,"name":"Conoce la historia de las barber\u00edas y \u00bfPor qu\u00e9? Rebel Barbers est\u00e1 en tu ciudad: El Poblado, Medell\u00edn"}]},{"@type":"WebSite","@id":"https:\/\/rebelbarbers.com\/es\/#website","url":"https:\/\/rebelbarbers.com\/es\/","name":"Rebel Barbers &amp; Massage","description":"The essential barber shop for today&#039;s men","publisher":{"@id":"https:\/\/rebelbarbers.com\/es\/#organization"},"potentialAction":[{"@type":"SearchAction","target":{"@type":"EntryPoint","urlTemplate":"https:\/\/rebelbarbers.com\/es\/?s={search_term_string}"},"query-input":{"@type":"PropertyValueSpecification","valueRequired":true,"valueName":"search_term_string"}}],"inLanguage":"es"},{"@type":"Organization","@id":"https:\/\/rebelbarbers.com\/es\/#organization","name":"Rebel Barbers &amp; Massage","url":"https:\/\/rebelbarbers.com\/es\/","logo":{"@type":"ImageObject","inLanguage":"es","@id":"https:\/\/rebelbarbers.com\/es\/#\/schema\/logo\/image\/","url":"https:\/\/rebelbarbers.com\/wp-content\/uploads\/2021\/09\/cropped-Rebel-Barbers-Logos_Mesa-de-trabajo-1-copia-3-1.png","contentUrl":"https:\/\/rebelbarbers.com\/wp-content\/uploads\/2021\/09\/cropped-Rebel-Barbers-Logos_Mesa-de-trabajo-1-copia-3-1.png","width":1277,"height":465,"caption":"Rebel Barbers &amp; Massage"},"image":{"@id":"https:\/\/rebelbarbers.com\/es\/#\/schema\/logo\/image\/"}},{"@type":"Person","@id":"https:\/\/rebelbarbers.com\/es\/#\/schema\/person\/1d2f61eb49c969d4e303a2fc5a070887","name":"John Brown","image":{"@type":"ImageObject","inLanguage":"es","@id":"https:\/\/secure.gravatar.com\/avatar\/0b01119c461ec6ba41bfc12a22cd8a6639d62b2c4c51ce5744a130463ec7eb8e?s=96&d=mm&r=g","url":"https:\/\/secure.gravatar.com\/avatar\/0b01119c461ec6ba41bfc12a22cd8a6639d62b2c4c51ce5744a130463ec7eb8e?s=96&d=mm&r=g","contentUrl":"https:\/\/secure.gravatar.com\/avatar\/0b01119c461ec6ba41bfc12a22cd8a6639d62b2c4c51ce5744a130463ec7eb8e?s=96&d=mm&r=g","caption":"John Brown"},"sameAs":["http:\/\/farmerbrown.com"]}]}},"_links":{"self":[{"href":"https:\/\/rebelbarbers.com\/es\/wp-json\/wp\/v2\/posts\/5806","targetHints":{"allow":["GET"]}}],"collection":[{"href":"https:\/\/rebelbarbers.com\/es\/wp-json\/wp\/v2\/posts"}],"about":[{"href":"https:\/\/rebelbarbers.com\/es\/wp-json\/wp\/v2\/types\/post"}],"author":[{"embeddable":true,"href":"https:\/\/rebelbarbers.com\/es\/wp-json\/wp\/v2\/users\/15"}],"replies":[{"embeddable":true,"href":"https:\/\/rebelbarbers.com\/es\/wp-json\/wp\/v2\/comments?post=5806"}],"version-history":[{"count":4,"href":"https:\/\/rebelbarbers.com\/es\/wp-json\/wp\/v2\/posts\/5806\/revisions"}],"predecessor-version":[{"id":6204,"href":"https:\/\/rebelbarbers.com\/es\/wp-json\/wp\/v2\/posts\/5806\/revisions\/6204"}],"wp:featuredmedia":[{"embeddable":true,"href":"https:\/\/rebelbarbers.com\/es\/wp-json\/wp\/v2\/media\/5645"}],"wp:attachment":[{"href":"https:\/\/rebelbarbers.com\/es\/wp-json\/wp\/v2\/media?parent=5806"}],"wp:term":[{"taxonomy":"category","embeddable":true,"href":"https:\/\/rebelbarbers.com\/es\/wp-json\/wp\/v2\/categories?post=5806"},{"taxonomy":"post_tag","embeddable":true,"href":"https:\/\/rebelbarbers.com\/es\/wp-json\/wp\/v2\/tags?post=5806"}],"curies":[{"name":"wp","href":"https:\/\/api.w.org\/{rel}","templated":true}]}}